{"id":2646,"date":"2026-04-20T15:14:09","date_gmt":"2026-04-20T13:14:09","guid":{"rendered":"https:\/\/aura-haltero.fr\/?p=2646"},"modified":"2026-04-21T23:36:01","modified_gmt":"2026-04-21T21:36:01","slug":"championnats-des-equipes-de-ligues-double-victoire-pour-la-ligue-aura","status":"publish","type":"post","link":"https:\/\/aura-haltero.fr\/index.php\/2026\/04\/20\/championnats-des-equipes-de-ligues-double-victoire-pour-la-ligue-aura\/","title":{"rendered":"Championnats des Equipes de Ligues &#8211; Double Victoire pour la Ligue AURA"},"content":{"rendered":"\t\t<div data-elementor-type=\"wp-post\" data-elementor-id=\"2646\" class=\"elementor elementor-2646\" data-elementor-post-type=\"post\">\n\t\t\t\t\t\t<section class=\"elementor-section elementor-top-section elementor-element elementor-element-5fc1a571 elementor-section-boxed elementor-section-height-default elementor-section-height-default\" data-id=\"5fc1a571\" data-element_type=\"section\">\n\t\t\t\t\t\t<div class=\"elementor-container elementor-column-gap-default\">\n\t\t\t\t\t<div class=\"elementor-column elementor-col-100 elementor-top-column elementor-element elementor-element-30242165\" data-id=\"30242165\" data-element_type=\"column\">\n\t\t\t<div class=\"elementor-widget-wrap elementor-element-populated\">\n\t\t\t\t\t\t<div class=\"elementor-element elementor-element-6943ec3d elementor-widget__width-initial elementor-widget elementor-widget-text-editor\" data-id=\"6943ec3d\" data-element_type=\"widget\" data-widget_type=\"text-editor.default\">\n\t\t\t\t<div class=\"elementor-widget-container\">\n\t\t\t\t\t\t\t\t\t<p>Habitu\u00e9e aux podiums lors des diff\u00e9rentes \u00e9ditions des <strong>Championnats de France des Equipes de Ligues<\/strong> avec notamment une victoire des U20 en 2025 et des U15\/U17 en 2024, la ligue AURA s&rsquo;est d\u00e9plac\u00e9e ce week-end du 18\/19 avril \u00e0 Saint-Jean-d&rsquo;Angely (Charente-Maritime) et a r\u00e9ussi l&rsquo;exploit de<strong> remporter le titre \u00e0 la fois chez les U15\/U17 et chez les U20<\/strong>.<\/p>\n<p><!-- \/wp:paragraph --><!-- wp:paragraph --><\/p>\n<p>Chez les U15\/U17, apr\u00e8s une session sur l&rsquo;arrach\u00e9 un peu difficile, les gar\u00e7ons ont su se reprendre sur l&rsquo;\u00e9paul\u00e9-jet\u00e9 pour prendre une avance confortable d&rsquo;une soixantaine de point sur l&rsquo;\u00e9quipe du Grand Est. Les filles ont r\u00e9alis\u00e9 un match parfait avec 18 barres r\u00e9ussies sur autant de tentatives pour r\u00e9sister au retour de la ligue Grand Est. <strong>La ligue AURA s&rsquo;impose avec 1422 points devant Grand Est 1386 et Occitanie 1334 points.<\/strong><\/p>\n<p><!-- \/wp:paragraph --><!-- wp:paragraph --><\/p>\n<p>Une belle \u00e9quipe de 6 athl\u00e9tes de 6 clubs diff\u00e9rents avec Lou-Anne Beslay de Usatorre (Gauloise de Vaise), Asya Horvath (Aravis Hal-Fa), Lily Sueur (Savoie Barbell Team), Isma\u00ebl Iafrate (Elite Barbell Vaulx-en-Velin), Kyliann Bettiol (CH Ansois) et Romain Pastor (OSQ Saint-Quentin-Fallavier).<\/p>\n<p><!-- \/wp:paragraph --><!-- wp:paragraph --><\/p>\n<p><strong>Cot\u00e9 U20, une \u00e9quipe presque identique \u00e0 celle de l&rsquo;an pass\u00e9 s&rsquo;est pr\u00e9sent\u00e9e pour conveserver son titre<\/strong>. L&rsquo;\u00e9quipe masculine a r\u00e9alis\u00e9 un beau match qui a permis de lancer dans de bonnes conditions l&rsquo;\u00e9quipe f\u00e9minine qui avait 10 points \u00e0 rattraper sur la ligue Occitanie. Elles ont assur\u00e9 l&rsquo;essentiel afin de faire gagner la ligue \u00e0 la nuit tomb\u00e9e. <strong>La ligue AURA termine avec 1620 points devant l&rsquo;Occitanie 1595 et PACA 1568.<\/strong><\/p>\n<p><!-- \/wp:paragraph --><!-- wp:paragraph --><\/p>\n<p>6 athl\u00e9tes issus de 5 clubs ont contribu\u00e9s \u00e0 cette victoire, bravo \u00e0 Justine Morel-Biron (HC Villard-de-Lans), Sara Iafrate (Elite Barbell Vaulx-en-Velin), Emeline Laurent (CH Arbresle), Adam Iafrate (Elite Barbell Vaulx-en-Velin), Simon Cotte-Gaudin (AC Saint-Marcellin) et Baptiste Helena (Vertuose Club).<\/p>\n<p>On peut \u00e9galement saluer le coaching de David Chabroud et Enzo Menoni qui ont encadr\u00e9 la victoire des 2 \u00e9quipes, et remercier Daniel Menoni pour avoir repr\u00e9sent\u00e9 la ligue comme arbitre.<\/p>\n<p><!-- \/wp:paragraph --><!-- wp:paragraph --><\/p>\n<p><!-- \/wp:paragraph --><\/p>\t\t\t\t\t\t\t\t<\/div>\n\t\t\t\t<\/div>\n\t\t\t\t\t<\/div>\n\t\t<\/div>\n\t\t\t\t\t<\/div>\n\t\t<\/section>\n\t\t\t\t<section class=\"elementor-section elementor-top-section elementor-element elementor-element-5a24537 elementor-section-boxed elementor-section-height-default elementor-section-height-default\" data-id=\"5a24537\" data-element_type=\"section\">\n\t\t\t\t\t\t<div class=\"elementor-container elementor-column-gap-default\">\n\t\t\t\t\t<div class=\"elementor-column elementor-col-100 elementor-top-column elementor-element elementor-element-45c9922\" data-id=\"45c9922\" data-element_type=\"column\">\n\t\t\t<div class=\"elementor-widget-wrap elementor-element-populated\">\n\t\t\t\t\t\t<div class=\"elementor-element elementor-element-cf80b15 elementor-arrows-position-inside elementor-pagination-position-outside elementor-widget elementor-widget-image-carousel\" data-id=\"cf80b15\" data-element_type=\"widget\" data-settings=\"{&quot;slides_to_show&quot;:&quot;3&quot;,&quot;navigation&quot;:&quot;both&quot;,&quot;autoplay&quot;:&quot;yes&quot;,&quot;pause_on_hover&quot;:&quot;yes&quot;,&quot;pause_on_interaction&quot;:&quot;yes&quot;,&quot;autoplay_speed&quot;:5000,&quot;infinite&quot;:&quot;yes&quot;,&quot;speed&quot;:500}\" data-widget_type=\"image-carousel.default\">\n\t\t\t\t<div class=\"elementor-widget-container\">\n\t\t\t\t\t\t\t<div class=\"elementor-image-carousel-wrapper swiper\" role=\"region\" aria-roledescription=\"carousel\" aria-label=\"Carrousel d\u2019images\" dir=\"ltr\">\n\t\t\t<div class=\"elementor-image-carousel swiper-wrapper\" aria-live=\"off\">\n\t\t\t\t\t\t\t\t<div class=\"swiper-slide\" role=\"group\" aria-roledescription=\"slide\" aria-label=\"1 sur 3\"><a data-elementor-open-lightbox=\"yes\" data-elementor-lightbox-slideshow=\"cf80b15\" data-elementor-lightbox-title=\"team\" data-e-action-hash=\"#elementor-action%3Aaction%3Dlightbox%26settings%3DeyJpZCI6MjY0NywidXJsIjoiaHR0cHM6XC9cL2F1cmEtaGFsdGVyby5mclwvd3AtY29udGVudFwvdXBsb2Fkc1wvMjAyNlwvMDRcL3RlYW0uanBlZyIsInNsaWRlc2hvdyI6ImNmODBiMTUifQ%3D%3D\" href=\"https:\/\/aura-haltero.fr\/wp-content\/uploads\/2026\/04\/team.jpeg\"><figure class=\"swiper-slide-inner\"><img decoding=\"async\" class=\"swiper-slide-image\" src=\"https:\/\/aura-haltero.fr\/wp-content\/uploads\/2026\/04\/team-300x169.jpeg\" alt=\"L&#039;\u00e9quipe de la ligue AURA\" \/><figcaption class=\"elementor-image-carousel-caption\">L'\u00e9quipe de la ligue AURA<\/figcaption><\/figure><\/a><\/div><div class=\"swiper-slide\" role=\"group\" aria-roledescription=\"slide\" aria-label=\"2 sur 3\"><a data-elementor-open-lightbox=\"yes\" data-elementor-lightbox-slideshow=\"cf80b15\" data-elementor-lightbox-title=\"U15U17\" data-e-action-hash=\"#elementor-action%3Aaction%3Dlightbox%26settings%3DeyJpZCI6MjY0OCwidXJsIjoiaHR0cHM6XC9cL2F1cmEtaGFsdGVyby5mclwvd3AtY29udGVudFwvdXBsb2Fkc1wvMjAyNlwvMDRcL1UxNVUxNy5qcGVnIiwic2xpZGVzaG93IjoiY2Y4MGIxNSJ9\" href=\"https:\/\/aura-haltero.fr\/wp-content\/uploads\/2026\/04\/U15U17.jpeg\"><figure class=\"swiper-slide-inner\"><img decoding=\"async\" class=\"swiper-slide-image\" src=\"https:\/\/aura-haltero.fr\/wp-content\/uploads\/2026\/04\/U15U17-300x169.jpeg\" alt=\"Le Podium des U15-U17\" \/><figcaption class=\"elementor-image-carousel-caption\">Le Podium des U15-U17<\/figcaption><\/figure><\/a><\/div><div class=\"swiper-slide\" role=\"group\" aria-roledescription=\"slide\" aria-label=\"3 sur 3\"><a data-elementor-open-lightbox=\"yes\" data-elementor-lightbox-slideshow=\"cf80b15\" data-elementor-lightbox-title=\"oplus_0\" data-e-action-hash=\"#elementor-action%3Aaction%3Dlightbox%26settings%3DeyJpZCI6MjY1NCwidXJsIjoiaHR0cHM6XC9cL2F1cmEtaGFsdGVyby5mclwvd3AtY29udGVudFwvdXBsb2Fkc1wvMjAyNlwvMDRcL0lNRzIwMjYwNDE5MjExODI1LmpwZyIsInNsaWRlc2hvdyI6ImNmODBiMTUifQ%3D%3D\" href=\"https:\/\/aura-haltero.fr\/wp-content\/uploads\/2026\/04\/IMG20260419211825.jpg\"><figure class=\"swiper-slide-inner\"><img decoding=\"async\" class=\"swiper-slide-image\" src=\"https:\/\/aura-haltero.fr\/wp-content\/uploads\/2026\/04\/IMG20260419211825.jpg\" alt=\"Le Podium des U20\" \/><figcaption class=\"elementor-image-carousel-caption\">Le Podium des U20<\/figcaption><\/figure><\/a><\/div>\t\t\t<\/div>\n\t\t\t\t\t\t\t\t\t\t\t\t<div class=\"elementor-swiper-button elementor-swiper-button-prev\" role=\"button\" tabindex=\"0\">\n\t\t\t\t\t\t<i aria-hidden=\"true\" class=\"eicon-chevron-left\"><\/i>\t\t\t\t\t<\/div>\n\t\t\t\t\t<div class=\"elementor-swiper-button elementor-swiper-button-next\" role=\"button\" tabindex=\"0\">\n\t\t\t\t\t\t<i aria-hidden=\"true\" class=\"eicon-chevron-right\"><\/i>\t\t\t\t\t<\/div>\n\t\t\t\t\n\t\t\t\t\t\t\t\t\t<div class=\"swiper-pagination\"><\/div>\n\t\t\t\t\t\t\t\t\t<\/div>\n\t\t\t\t\t\t<\/div>\n\t\t\t\t<\/div>\n\t\t\t\t\t<\/div>\n\t\t<\/div>\n\t\t\t\t\t<\/div>\n\t\t<\/section>\n\t\t\t\t<section class=\"elementor-section elementor-top-section elementor-element elementor-element-9b86d9b elementor-section-boxed elementor-section-height-default elementor-section-height-default\" data-id=\"9b86d9b\" data-element_type=\"section\">\n\t\t\t\t\t\t<div class=\"elementor-container elementor-column-gap-default\">\n\t\t\t\t\t<div class=\"elementor-column elementor-col-100 elementor-top-column elementor-element elementor-element-b34b353\" data-id=\"b34b353\" data-element_type=\"column\">\n\t\t\t<div class=\"elementor-widget-wrap elementor-element-populated\">\n\t\t\t\t\t\t<div class=\"elementor-element elementor-element-65dc4b9 premium-video__glow-none elementor-widget elementor-widget-premium-addon-video-box\" data-id=\"65dc4b9\" data-element_type=\"widget\" data-settings=\"{&quot;premium_video_box_video_type&quot;:&quot;self&quot;,&quot;aspect_ratio&quot;:&quot;169&quot;}\" data-widget_type=\"premium-addon-video-box.default\">\n\t\t\t\t<div class=\"elementor-widget-container\">\n\t\t\t\t\t\n\n\t\t\n\t\t\t\t\t<div id=\"premium-video-box-container-65dc4b9\" class=\"premium-video-box-container\" data-overlay=\"true\" data-type=\"self\" data-thumbnail=\"\" data-hover=\"none\">\n\t\t\t\t<div  >\n\t\t\t\t\t\n\t\t\t\t\t<div class=\"premium-video-box-inner-wrap\" data-video-animation=\" animated-\" data-delay-animation=\"\">\n\t\t\t\t\t\t<div class=\"premium-video-box-video-container\">\n\t\t\t\t\t\t\t\n\t\t\t\t\t\t\t\t\t\t\t\t\t\t\t<video src=\"https:\/\/aura-haltero.fr\/wp-content\/uploads\/2026\/04\/WhatsApp-Video-2026-04-21-at-08.37.59.mp4\" controls  controlsList=\"nodownload\"><\/video>\n\t\t\t\t\t\t\t\t\t\t\t\t\t<\/div>\n\t\t\t\t\t\t\t<div style=\"background-image:transparent\" class=\"premium-video-box-image-container none\"><\/div>\n\t\t\t\t\t\t\t\t\t\t\t\t\t\t\t\t\t\t\t\t\t\t\t\t\t\t\t\t\t\t\t<\/div>\n\n\t\t\t\t<\/div>\n\t\t\t<\/div>\n\t\t\n\t\t\t\t\t\t<\/div>\n\t\t\t\t<\/div>\n\t\t\t\t\t<\/div>\n\t\t<\/div>\n\t\t\t\t\t<\/div>\n\t\t<\/section>\n\t\t\t\t<\/div>\n\t\t","protected":false},"excerpt":{"rendered":"<p>Habitu\u00e9e aux podiums lors des diff\u00e9rentes \u00e9ditions des Championnats de France des Equipes de Ligues avec notamment une victoire des U20 en 2025 et des U15\/U17 en 2024, la ligue AURA s&rsquo;est d\u00e9plac\u00e9e ce week-end du 18\/19 avril \u00e0 Saint-Jean-d&rsquo;Angely (Charente-Maritime) et a r\u00e9ussi l&rsquo;exploit de remporter le titre \u00e0 la fois chez les U15\/U17 [&hellip;]<\/p>\n","protected":false},"author":3,"featured_media":2652,"comment_status":"open","ping_status":"open","sticky":false,"template":"","format":"standard","meta":{"_jetpack_memberships_contains_paid_content":false,"footnotes":""},"categories":[12,13],"tags":[10,11],"class_list":["post-2646","post","type-post","status-publish","format-standard","has-post-thumbnail","hentry","category-actualites","category-resultats","tag-dsa","tag-lyo"],"yoast_head":"<!-- This site is optimized with the Yoast SEO plugin v27.4 - https:\/\/yoast.com\/product\/yoast-seo-wordpress\/ -->\n<title>Championnats des Equipes de Ligues - Double Victoire pour la Ligue AURA - LAURAHM<\/title>\n<meta name=\"robots\" content=\"index, follow, max-snippet:-1, max-image-preview:large, max-video-preview:-1\" \/>\n<link rel=\"canonical\" href=\"https:\/\/aura-haltero.fr\/index.php\/2026\/04\/20\/championnats-des-equipes-de-ligues-double-victoire-pour-la-ligue-aura\/\" \/>\n<meta property=\"og:locale\" content=\"fr_FR\" \/>\n<meta property=\"og:type\" content=\"article\" \/>\n<meta property=\"og:title\" content=\"Championnats des Equipes de Ligues - Double Victoire pour la Ligue AURA - LAURAHM\" \/>\n<meta property=\"og:description\" content=\"Habitu\u00e9e aux podiums lors des diff\u00e9rentes \u00e9ditions des Championnats de France des Equipes de Ligues avec notamment une victoire des U20 en 2025 et des U15\/U17 en 2024, la ligue AURA s&rsquo;est d\u00e9plac\u00e9e ce week-end du 18\/19 avril \u00e0 Saint-Jean-d&rsquo;Angely (Charente-Maritime) et a r\u00e9ussi l&rsquo;exploit de remporter le titre \u00e0 la fois chez les U15\/U17 [&hellip;]\" \/>\n<meta property=\"og:url\" content=\"https:\/\/aura-haltero.fr\/index.php\/2026\/04\/20\/championnats-des-equipes-de-ligues-double-victoire-pour-la-ligue-aura\/\" \/>\n<meta property=\"og:site_name\" content=\"LAURAHM\" \/>\n<meta property=\"article:publisher\" content=\"https:\/\/www.facebook.com\/LigueAURAHM\" \/>\n<meta property=\"article:published_time\" content=\"2026-04-20T13:14:09+00:00\" \/>\n<meta property=\"article:modified_time\" content=\"2026-04-21T21:36:01+00:00\" \/>\n<meta property=\"og:image\" content=\"https:\/\/aura-haltero.fr\/wp-content\/uploads\/2026\/04\/team-1-e1776695179865.jpeg\" \/>\n\t<meta property=\"og:image:width\" content=\"1600\" \/>\n\t<meta property=\"og:image:height\" content=\"805\" \/>\n\t<meta property=\"og:image:type\" content=\"image\/jpeg\" \/>\n<meta name=\"author\" content=\"Joris DAWID\" \/>\n<meta name=\"twitter:card\" content=\"summary_large_image\" \/>\n<meta name=\"twitter:label1\" content=\"\u00c9crit par\" \/>\n\t<meta name=\"twitter:data1\" content=\"Joris DAWID\" \/>\n\t<meta name=\"twitter:label2\" content=\"Dur\u00e9e de lecture estim\u00e9e\" \/>\n\t<meta name=\"twitter:data2\" content=\"4 minutes\" \/>\n<script type=\"application\/ld+json\" class=\"yoast-schema-graph\">{\"@context\":\"https:\\\/\\\/schema.org\",\"@graph\":[{\"@type\":\"Article\",\"@id\":\"https:\\\/\\\/aura-haltero.fr\\\/index.php\\\/2026\\\/04\\\/20\\\/championnats-des-equipes-de-ligues-double-victoire-pour-la-ligue-aura\\\/#article\",\"isPartOf\":{\"@id\":\"https:\\\/\\\/aura-haltero.fr\\\/index.php\\\/2026\\\/04\\\/20\\\/championnats-des-equipes-de-ligues-double-victoire-pour-la-ligue-aura\\\/\"},\"author\":{\"name\":\"Joris DAWID\",\"@id\":\"https:\\\/\\\/aura-haltero.fr\\\/#\\\/schema\\\/person\\\/462f3a32a29a22ee83722e516e19af5f\"},\"headline\":\"Championnats des Equipes de Ligues &#8211; Double Victoire pour la Ligue AURA\",\"datePublished\":\"2026-04-20T13:14:09+00:00\",\"dateModified\":\"2026-04-21T21:36:01+00:00\",\"mainEntityOfPage\":{\"@id\":\"https:\\\/\\\/aura-haltero.fr\\\/index.php\\\/2026\\\/04\\\/20\\\/championnats-des-equipes-de-ligues-double-victoire-pour-la-ligue-aura\\\/\"},\"wordCount\":348,\"commentCount\":0,\"publisher\":{\"@id\":\"https:\\\/\\\/aura-haltero.fr\\\/#organization\"},\"image\":{\"@id\":\"https:\\\/\\\/aura-haltero.fr\\\/index.php\\\/2026\\\/04\\\/20\\\/championnats-des-equipes-de-ligues-double-victoire-pour-la-ligue-aura\\\/#primaryimage\"},\"thumbnailUrl\":\"https:\\\/\\\/aura-haltero.fr\\\/wp-content\\\/uploads\\\/2026\\\/04\\\/team-1-e1776695179865.jpeg\",\"keywords\":[\"DSA\",\"LYO\"],\"articleSection\":[\"Actualit\u00e9s\",\"R\u00e9sultats\"],\"inLanguage\":\"fr-FR\",\"potentialAction\":[{\"@type\":\"CommentAction\",\"name\":\"Comment\",\"target\":[\"https:\\\/\\\/aura-haltero.fr\\\/index.php\\\/2026\\\/04\\\/20\\\/championnats-des-equipes-de-ligues-double-victoire-pour-la-ligue-aura\\\/#respond\"]}]},{\"@type\":\"WebPage\",\"@id\":\"https:\\\/\\\/aura-haltero.fr\\\/index.php\\\/2026\\\/04\\\/20\\\/championnats-des-equipes-de-ligues-double-victoire-pour-la-ligue-aura\\\/\",\"url\":\"https:\\\/\\\/aura-haltero.fr\\\/index.php\\\/2026\\\/04\\\/20\\\/championnats-des-equipes-de-ligues-double-victoire-pour-la-ligue-aura\\\/\",\"name\":\"Championnats des Equipes de Ligues - Double Victoire pour la Ligue AURA - LAURAHM\",\"isPartOf\":{\"@id\":\"https:\\\/\\\/aura-haltero.fr\\\/#website\"},\"primaryImageOfPage\":{\"@id\":\"https:\\\/\\\/aura-haltero.fr\\\/index.php\\\/2026\\\/04\\\/20\\\/championnats-des-equipes-de-ligues-double-victoire-pour-la-ligue-aura\\\/#primaryimage\"},\"image\":{\"@id\":\"https:\\\/\\\/aura-haltero.fr\\\/index.php\\\/2026\\\/04\\\/20\\\/championnats-des-equipes-de-ligues-double-victoire-pour-la-ligue-aura\\\/#primaryimage\"},\"thumbnailUrl\":\"https:\\\/\\\/aura-haltero.fr\\\/wp-content\\\/uploads\\\/2026\\\/04\\\/team-1-e1776695179865.jpeg\",\"datePublished\":\"2026-04-20T13:14:09+00:00\",\"dateModified\":\"2026-04-21T21:36:01+00:00\",\"breadcrumb\":{\"@id\":\"https:\\\/\\\/aura-haltero.fr\\\/index.php\\\/2026\\\/04\\\/20\\\/championnats-des-equipes-de-ligues-double-victoire-pour-la-ligue-aura\\\/#breadcrumb\"},\"inLanguage\":\"fr-FR\",\"potentialAction\":[{\"@type\":\"ReadAction\",\"target\":[\"https:\\\/\\\/aura-haltero.fr\\\/index.php\\\/2026\\\/04\\\/20\\\/championnats-des-equipes-de-ligues-double-victoire-pour-la-ligue-aura\\\/\"]}]},{\"@type\":\"ImageObject\",\"inLanguage\":\"fr-FR\",\"@id\":\"https:\\\/\\\/aura-haltero.fr\\\/index.php\\\/2026\\\/04\\\/20\\\/championnats-des-equipes-de-ligues-double-victoire-pour-la-ligue-aura\\\/#primaryimage\",\"url\":\"https:\\\/\\\/aura-haltero.fr\\\/wp-content\\\/uploads\\\/2026\\\/04\\\/team-1-e1776695179865.jpeg\",\"contentUrl\":\"https:\\\/\\\/aura-haltero.fr\\\/wp-content\\\/uploads\\\/2026\\\/04\\\/team-1-e1776695179865.jpeg\",\"width\":1600,\"height\":805},{\"@type\":\"BreadcrumbList\",\"@id\":\"https:\\\/\\\/aura-haltero.fr\\\/index.php\\\/2026\\\/04\\\/20\\\/championnats-des-equipes-de-ligues-double-victoire-pour-la-ligue-aura\\\/#breadcrumb\",\"itemListElement\":[{\"@type\":\"ListItem\",\"position\":1,\"name\":\"Accueil\",\"item\":\"https:\\\/\\\/aura-haltero.fr\\\/\"},{\"@type\":\"ListItem\",\"position\":2,\"name\":\"Championnats des Equipes de Ligues &#8211; Double Victoire pour la Ligue AURA\"}]},{\"@type\":\"WebSite\",\"@id\":\"https:\\\/\\\/aura-haltero.fr\\\/#website\",\"url\":\"https:\\\/\\\/aura-haltero.fr\\\/\",\"name\":\"LAURAHM\",\"description\":\"Ligue AURA Halt\u00e9rophilie-Musculation\",\"publisher\":{\"@id\":\"https:\\\/\\\/aura-haltero.fr\\\/#organization\"},\"potentialAction\":[{\"@type\":\"SearchAction\",\"target\":{\"@type\":\"EntryPoint\",\"urlTemplate\":\"https:\\\/\\\/aura-haltero.fr\\\/?s={search_term_string}\"},\"query-input\":{\"@type\":\"PropertyValueSpecification\",\"valueRequired\":true,\"valueName\":\"search_term_string\"}}],\"inLanguage\":\"fr-FR\"},{\"@type\":\"Organization\",\"@id\":\"https:\\\/\\\/aura-haltero.fr\\\/#organization\",\"name\":\"Ligue Auvergne Rh\u00f4ne Alpes d'Halt\u00e9rophilie-Musculation\",\"url\":\"https:\\\/\\\/aura-haltero.fr\\\/\",\"logo\":{\"@type\":\"ImageObject\",\"inLanguage\":\"fr-FR\",\"@id\":\"https:\\\/\\\/aura-haltero.fr\\\/#\\\/schema\\\/logo\\\/image\\\/\",\"url\":\"https:\\\/\\\/aura-haltero.fr\\\/wp-content\\\/uploads\\\/2023\\\/07\\\/Nouveau-logo-ligue-2.png\",\"contentUrl\":\"https:\\\/\\\/aura-haltero.fr\\\/wp-content\\\/uploads\\\/2023\\\/07\\\/Nouveau-logo-ligue-2.png\",\"width\":1399,\"height\":1398,\"caption\":\"Ligue Auvergne Rh\u00f4ne Alpes d'Halt\u00e9rophilie-Musculation\"},\"image\":{\"@id\":\"https:\\\/\\\/aura-haltero.fr\\\/#\\\/schema\\\/logo\\\/image\\\/\"},\"sameAs\":[\"https:\\\/\\\/www.facebook.com\\\/LigueAURAHM\",\"https:\\\/\\\/www.instagram.com\\\/ligueaurahm\\\/\"]},{\"@type\":\"Person\",\"@id\":\"https:\\\/\\\/aura-haltero.fr\\\/#\\\/schema\\\/person\\\/462f3a32a29a22ee83722e516e19af5f\",\"name\":\"Joris DAWID\",\"image\":{\"@type\":\"ImageObject\",\"inLanguage\":\"fr-FR\",\"@id\":\"https:\\\/\\\/secure.gravatar.com\\\/avatar\\\/7a3306bb412092e975a7f1570bf6576eb75699b7510ea7ffdd93a2eaa193a8ae?s=96&d=mm&r=g\",\"url\":\"https:\\\/\\\/secure.gravatar.com\\\/avatar\\\/7a3306bb412092e975a7f1570bf6576eb75699b7510ea7ffdd93a2eaa193a8ae?s=96&d=mm&r=g\",\"contentUrl\":\"https:\\\/\\\/secure.gravatar.com\\\/avatar\\\/7a3306bb412092e975a7f1570bf6576eb75699b7510ea7ffdd93a2eaa193a8ae?s=96&d=mm&r=g\",\"caption\":\"Joris DAWID\"},\"url\":\"https:\\\/\\\/aura-haltero.fr\\\/index.php\\\/author\\\/joris-dawid\\\/\"}]}<\/script>\n<!-- \/ Yoast SEO plugin. -->","yoast_head_json":{"title":"Championnats des Equipes de Ligues - Double Victoire pour la Ligue AURA - LAURAHM","robots":{"index":"index","follow":"follow","max-snippet":"max-snippet:-1","max-image-preview":"max-image-preview:large","max-video-preview":"max-video-preview:-1"},"canonical":"https:\/\/aura-haltero.fr\/index.php\/2026\/04\/20\/championnats-des-equipes-de-ligues-double-victoire-pour-la-ligue-aura\/","og_locale":"fr_FR","og_type":"article","og_title":"Championnats des Equipes de Ligues - Double Victoire pour la Ligue AURA - LAURAHM","og_description":"Habitu\u00e9e aux podiums lors des diff\u00e9rentes \u00e9ditions des Championnats de France des Equipes de Ligues avec notamment une victoire des U20 en 2025 et des U15\/U17 en 2024, la ligue AURA s&rsquo;est d\u00e9plac\u00e9e ce week-end du 18\/19 avril \u00e0 Saint-Jean-d&rsquo;Angely (Charente-Maritime) et a r\u00e9ussi l&rsquo;exploit de remporter le titre \u00e0 la fois chez les U15\/U17 [&hellip;]","og_url":"https:\/\/aura-haltero.fr\/index.php\/2026\/04\/20\/championnats-des-equipes-de-ligues-double-victoire-pour-la-ligue-aura\/","og_site_name":"LAURAHM","article_publisher":"https:\/\/www.facebook.com\/LigueAURAHM","article_published_time":"2026-04-20T13:14:09+00:00","article_modified_time":"2026-04-21T21:36:01+00:00","og_image":[{"width":1600,"height":805,"url":"https:\/\/aura-haltero.fr\/wp-content\/uploads\/2026\/04\/team-1-e1776695179865.jpeg","type":"image\/jpeg"}],"author":"Joris DAWID","twitter_card":"summary_large_image","twitter_misc":{"\u00c9crit par":"Joris DAWID","Dur\u00e9e de lecture estim\u00e9e":"4 minutes"},"schema":{"@context":"https:\/\/schema.org","@graph":[{"@type":"Article","@id":"https:\/\/aura-haltero.fr\/index.php\/2026\/04\/20\/championnats-des-equipes-de-ligues-double-victoire-pour-la-ligue-aura\/#article","isPartOf":{"@id":"https:\/\/aura-haltero.fr\/index.php\/2026\/04\/20\/championnats-des-equipes-de-ligues-double-victoire-pour-la-ligue-aura\/"},"author":{"name":"Joris DAWID","@id":"https:\/\/aura-haltero.fr\/#\/schema\/person\/462f3a32a29a22ee83722e516e19af5f"},"headline":"Championnats des Equipes de Ligues &#8211; Double Victoire pour la Ligue AURA","datePublished":"2026-04-20T13:14:09+00:00","dateModified":"2026-04-21T21:36:01+00:00","mainEntityOfPage":{"@id":"https:\/\/aura-haltero.fr\/index.php\/2026\/04\/20\/championnats-des-equipes-de-ligues-double-victoire-pour-la-ligue-aura\/"},"wordCount":348,"commentCount":0,"publisher":{"@id":"https:\/\/aura-haltero.fr\/#organization"},"image":{"@id":"https:\/\/aura-haltero.fr\/index.php\/2026\/04\/20\/championnats-des-equipes-de-ligues-double-victoire-pour-la-ligue-aura\/#primaryimage"},"thumbnailUrl":"https:\/\/aura-haltero.fr\/wp-content\/uploads\/2026\/04\/team-1-e1776695179865.jpeg","keywords":["DSA","LYO"],"articleSection":["Actualit\u00e9s","R\u00e9sultats"],"inLanguage":"fr-FR","potentialAction":[{"@type":"CommentAction","name":"Comment","target":["https:\/\/aura-haltero.fr\/index.php\/2026\/04\/20\/championnats-des-equipes-de-ligues-double-victoire-pour-la-ligue-aura\/#respond"]}]},{"@type":"WebPage","@id":"https:\/\/aura-haltero.fr\/index.php\/2026\/04\/20\/championnats-des-equipes-de-ligues-double-victoire-pour-la-ligue-aura\/","url":"https:\/\/aura-haltero.fr\/index.php\/2026\/04\/20\/championnats-des-equipes-de-ligues-double-victoire-pour-la-ligue-aura\/","name":"Championnats des Equipes de Ligues - Double Victoire pour la Ligue AURA - LAURAHM","isPartOf":{"@id":"https:\/\/aura-haltero.fr\/#website"},"primaryImageOfPage":{"@id":"https:\/\/aura-haltero.fr\/index.php\/2026\/04\/20\/championnats-des-equipes-de-ligues-double-victoire-pour-la-ligue-aura\/#primaryimage"},"image":{"@id":"https:\/\/aura-haltero.fr\/index.php\/2026\/04\/20\/championnats-des-equipes-de-ligues-double-victoire-pour-la-ligue-aura\/#primaryimage"},"thumbnailUrl":"https:\/\/aura-haltero.fr\/wp-content\/uploads\/2026\/04\/team-1-e1776695179865.jpeg","datePublished":"2026-04-20T13:14:09+00:00","dateModified":"2026-04-21T21:36:01+00:00","breadcrumb":{"@id":"https:\/\/aura-haltero.fr\/index.php\/2026\/04\/20\/championnats-des-equipes-de-ligues-double-victoire-pour-la-ligue-aura\/#breadcrumb"},"inLanguage":"fr-FR","potentialAction":[{"@type":"ReadAction","target":["https:\/\/aura-haltero.fr\/index.php\/2026\/04\/20\/championnats-des-equipes-de-ligues-double-victoire-pour-la-ligue-aura\/"]}]},{"@type":"ImageObject","inLanguage":"fr-FR","@id":"https:\/\/aura-haltero.fr\/index.php\/2026\/04\/20\/championnats-des-equipes-de-ligues-double-victoire-pour-la-ligue-aura\/#primaryimage","url":"https:\/\/aura-haltero.fr\/wp-content\/uploads\/2026\/04\/team-1-e1776695179865.jpeg","contentUrl":"https:\/\/aura-haltero.fr\/wp-content\/uploads\/2026\/04\/team-1-e1776695179865.jpeg","width":1600,"height":805},{"@type":"BreadcrumbList","@id":"https:\/\/aura-haltero.fr\/index.php\/2026\/04\/20\/championnats-des-equipes-de-ligues-double-victoire-pour-la-ligue-aura\/#breadcrumb","itemListElement":[{"@type":"ListItem","position":1,"name":"Accueil","item":"https:\/\/aura-haltero.fr\/"},{"@type":"ListItem","position":2,"name":"Championnats des Equipes de Ligues &#8211; Double Victoire pour la Ligue AURA"}]},{"@type":"WebSite","@id":"https:\/\/aura-haltero.fr\/#website","url":"https:\/\/aura-haltero.fr\/","name":"LAURAHM","description":"Ligue AURA Halt\u00e9rophilie-Musculation","publisher":{"@id":"https:\/\/aura-haltero.fr\/#organization"},"potentialAction":[{"@type":"SearchAction","target":{"@type":"EntryPoint","urlTemplate":"https:\/\/aura-haltero.fr\/?s={search_term_string}"},"query-input":{"@type":"PropertyValueSpecification","valueRequired":true,"valueName":"search_term_string"}}],"inLanguage":"fr-FR"},{"@type":"Organization","@id":"https:\/\/aura-haltero.fr\/#organization","name":"Ligue Auvergne Rh\u00f4ne Alpes d'Halt\u00e9rophilie-Musculation","url":"https:\/\/aura-haltero.fr\/","logo":{"@type":"ImageObject","inLanguage":"fr-FR","@id":"https:\/\/aura-haltero.fr\/#\/schema\/logo\/image\/","url":"https:\/\/aura-haltero.fr\/wp-content\/uploads\/2023\/07\/Nouveau-logo-ligue-2.png","contentUrl":"https:\/\/aura-haltero.fr\/wp-content\/uploads\/2023\/07\/Nouveau-logo-ligue-2.png","width":1399,"height":1398,"caption":"Ligue Auvergne Rh\u00f4ne Alpes d'Halt\u00e9rophilie-Musculation"},"image":{"@id":"https:\/\/aura-haltero.fr\/#\/schema\/logo\/image\/"},"sameAs":["https:\/\/www.facebook.com\/LigueAURAHM","https:\/\/www.instagram.com\/ligueaurahm\/"]},{"@type":"Person","@id":"https:\/\/aura-haltero.fr\/#\/schema\/person\/462f3a32a29a22ee83722e516e19af5f","name":"Joris DAWID","image":{"@type":"ImageObject","inLanguage":"fr-FR","@id":"https:\/\/secure.gravatar.com\/avatar\/7a3306bb412092e975a7f1570bf6576eb75699b7510ea7ffdd93a2eaa193a8ae?s=96&d=mm&r=g","url":"https:\/\/secure.gravatar.com\/avatar\/7a3306bb412092e975a7f1570bf6576eb75699b7510ea7ffdd93a2eaa193a8ae?s=96&d=mm&r=g","contentUrl":"https:\/\/secure.gravatar.com\/avatar\/7a3306bb412092e975a7f1570bf6576eb75699b7510ea7ffdd93a2eaa193a8ae?s=96&d=mm&r=g","caption":"Joris DAWID"},"url":"https:\/\/aura-haltero.fr\/index.php\/author\/joris-dawid\/"}]}},"jetpack_featured_media_url":"https:\/\/aura-haltero.fr\/wp-content\/uploads\/2026\/04\/team-1-e1776695179865.jpeg","jetpack_sharing_enabled":true,"_links":{"self":[{"href":"https:\/\/aura-haltero.fr\/index.php\/wp-json\/wp\/v2\/posts\/2646","targetHints":{"allow":["GET"]}}],"collection":[{"href":"https:\/\/aura-haltero.fr\/index.php\/wp-json\/wp\/v2\/posts"}],"about":[{"href":"https:\/\/aura-haltero.fr\/index.php\/wp-json\/wp\/v2\/types\/post"}],"author":[{"embeddable":true,"href":"https:\/\/aura-haltero.fr\/index.php\/wp-json\/wp\/v2\/users\/3"}],"replies":[{"embeddable":true,"href":"https:\/\/aura-haltero.fr\/index.php\/wp-json\/wp\/v2\/comments?post=2646"}],"version-history":[{"count":12,"href":"https:\/\/aura-haltero.fr\/index.php\/wp-json\/wp\/v2\/posts\/2646\/revisions"}],"predecessor-version":[{"id":2666,"href":"https:\/\/aura-haltero.fr\/index.php\/wp-json\/wp\/v2\/posts\/2646\/revisions\/2666"}],"wp:featuredmedia":[{"embeddable":true,"href":"https:\/\/aura-haltero.fr\/index.php\/wp-json\/wp\/v2\/media\/2652"}],"wp:attachment":[{"href":"https:\/\/aura-haltero.fr\/index.php\/wp-json\/wp\/v2\/media?parent=2646"}],"wp:term":[{"taxonomy":"category","embeddable":true,"href":"https:\/\/aura-haltero.fr\/index.php\/wp-json\/wp\/v2\/categories?post=2646"},{"taxonomy":"post_tag","embeddable":true,"href":"https:\/\/aura-haltero.fr\/index.php\/wp-json\/wp\/v2\/tags?post=2646"}],"curies":[{"name":"wp","href":"https:\/\/api.w.org\/{rel}","templated":true}]}}