{"id":2430,"date":"2026-02-19T10:22:38","date_gmt":"2026-02-19T09:22:38","guid":{"rendered":"https:\/\/aura-haltero.fr\/?p=2430"},"modified":"2026-02-19T10:27:45","modified_gmt":"2026-02-19T09:27:45","slug":"elementor-2430","status":"publish","type":"post","link":"https:\/\/aura-haltero.fr\/index.php\/2026\/02\/19\/elementor-2430\/","title":{"rendered":"Tournoi F\u00e9minin de Lyon"},"content":{"rendered":"\t\t<div data-elementor-type=\"wp-post\" data-elementor-id=\"2430\" class=\"elementor elementor-2430\" data-elementor-post-type=\"post\">\n\t\t\t\t\t\t<section class=\"elementor-section elementor-top-section elementor-element elementor-element-9f483b8 elementor-section-boxed elementor-section-height-default elementor-section-height-default\" data-id=\"9f483b8\" data-element_type=\"section\">\n\t\t\t\t\t\t<div class=\"elementor-container elementor-column-gap-default\">\n\t\t\t\t\t<div class=\"elementor-column elementor-col-100 elementor-top-column elementor-element elementor-element-9ed6d0c\" data-id=\"9ed6d0c\" data-element_type=\"column\">\n\t\t\t<div class=\"elementor-widget-wrap elementor-element-populated\">\n\t\t\t\t\t\t<div class=\"elementor-element elementor-element-3900b63 elementor-widget elementor-widget-text-editor\" data-id=\"3900b63\" data-element_type=\"widget\" data-widget_type=\"text-editor.default\">\n\t\t\t\t<div class=\"elementor-widget-container\">\n\t\t\t\t\t\t\t\t\t<p>La 11\u00e8me \u00e9dition du tournoi f\u00e9minin de Lyon s&rsquo;est d\u00e9roul\u00e9e samedi dernier et on peut dire que le niveau est mont\u00e9e d&rsquo;un cran ! Les spectateurs venus en nombre ont surement vu la comp\u00e9tition la plus relev\u00e9e cette ann\u00e9e en France, avec une pluie de records de France et d&rsquo;Europe.<\/p><h2>R\u00e9sultats<\/h2><p>Le niveau n&rsquo;a jamais \u00e9t\u00e9 aussi \u00e9lev\u00e9 que cette ann\u00e9e avec la victoire de Ma\u00eblyn Michel qui passe le cap des 100 \u00e0 l&rsquo;arrach\u00e9 et 120 \u00e0 l&rsquo;\u00e9paul\u00e9 jet\u00e9, devant la U15 espagnole Emily Ibanez et l&rsquo;olympienne italienne Lucrezia Magistris. La championne d&rsquo;Europe Garange Rigaud n&rsquo;a pas pu terminer la comp\u00e9tition suite \u00e0 une blessure.<\/p><p>Concernant les athl\u00e9tes de la ligue<\/p><ul><li>Sara Iafrate (Vaise) se classe 6\u00e8me et meilleure U20 et prend les 3 records de France Senior en -77kg avec 91\/119\/210 et r\u00e9alise au passage les minima monde -77kg.\u00a0<\/li><li>Marie Mantaropolous (St Marcellin) se classe 7\u00e8me pour son retour \u00e0 la comp\u00e9tition avec une belle performance de 87\/107\/194<\/li><li>On retrouve dans le top 20 Sarah Saint Aime d\u00e9j\u00e0 gagnante du tournoi se classe 14\u00e8me, Lisa Janin (Lempdes) est 16\u00e8me et Victoria Armstrong (St Marcellin) 17\u00e8me et Sandra Valluche (Lempdes) 19\u00e8me, toutes qualifi\u00e9es pour les championnats de France<\/li><li>Pauline Perret (Vaise) et Louanne Rougier (ASM) ont r\u00e9alis\u00e9 les minima nationaux<\/li><li>Bravo \u00e0 toutes les athl\u00e8tes de la ligue qui se sont d\u00e9pass\u00e9es pour ce tournoi !<\/li><\/ul><p>\u00a0<\/p><p><a href=\"https:\/\/www.ffhaltero.fr\/wp-content\/uploads\/2026\/02\/Classement-11eme-Tournoi-International-Feminin-de-Lyon-2026.pdf\">Classement complet<\/a><\/p>\t\t\t\t\t\t\t\t<\/div>\n\t\t\t\t<\/div>\n\t\t\t\t\t<\/div>\n\t\t<\/div>\n\t\t\t\t\t<\/div>\n\t\t<\/section>\n\t\t\t\t<section class=\"elementor-section elementor-top-section elementor-element elementor-element-580d6d0 elementor-section-boxed elementor-section-height-default elementor-section-height-default\" data-id=\"580d6d0\" data-element_type=\"section\">\n\t\t\t\t\t\t<div class=\"elementor-container elementor-column-gap-default\">\n\t\t\t\t\t<div class=\"elementor-column elementor-col-100 elementor-top-column elementor-element elementor-element-1591b0d\" data-id=\"1591b0d\" data-element_type=\"column\">\n\t\t\t<div class=\"elementor-widget-wrap elementor-element-populated\">\n\t\t\t\t\t\t<div class=\"elementor-element elementor-element-40b0d07 elementor-widget elementor-widget-image\" data-id=\"40b0d07\" data-element_type=\"widget\" data-widget_type=\"image.default\">\n\t\t\t\t<div class=\"elementor-widget-container\">\n\t\t\t\t\t\t\t\t\t\t\t\t\t\t\t<img fetchpriority=\"high\" decoding=\"async\" width=\"800\" height=\"420\" src=\"https:\/\/aura-haltero.fr\/wp-content\/uploads\/2026\/02\/Photo-pour-article-site-11-1024x538.png\" class=\"attachment-large size-large wp-image-2432\" alt=\"\" srcset=\"https:\/\/aura-haltero.fr\/wp-content\/uploads\/2026\/02\/Photo-pour-article-site-11-1024x538.png 1024w, https:\/\/aura-haltero.fr\/wp-content\/uploads\/2026\/02\/Photo-pour-article-site-11-300x158.png 300w, https:\/\/aura-haltero.fr\/wp-content\/uploads\/2026\/02\/Photo-pour-article-site-11-768x403.png 768w, https:\/\/aura-haltero.fr\/wp-content\/uploads\/2026\/02\/Photo-pour-article-site-11.png 1200w\" sizes=\"(max-width: 800px) 100vw, 800px\" \/>\t\t\t\t\t\t\t\t\t\t\t\t\t\t\t<\/div>\n\t\t\t\t<\/div>\n\t\t\t\t\t<\/div>\n\t\t<\/div>\n\t\t\t\t\t<\/div>\n\t\t<\/section>\n\t\t\t\t<section class=\"elementor-section elementor-top-section elementor-element elementor-element-49a906b elementor-section-boxed elementor-section-height-default elementor-section-height-default\" data-id=\"49a906b\" data-element_type=\"section\">\n\t\t\t\t\t\t<div class=\"elementor-container elementor-column-gap-default\">\n\t\t\t\t\t<div class=\"elementor-column elementor-col-100 elementor-top-column elementor-element elementor-element-34ff0d2\" data-id=\"34ff0d2\" data-element_type=\"column\">\n\t\t\t<div class=\"elementor-widget-wrap elementor-element-populated\">\n\t\t\t\t\t\t<div class=\"elementor-element elementor-element-ad9ba56 elementor-widget elementor-widget-text-editor\" data-id=\"ad9ba56\" data-element_type=\"widget\" data-widget_type=\"text-editor.default\">\n\t\t\t\t<div class=\"elementor-widget-container\">\n\t\t\t\t\t\t\t\t\t<p>\u00a0<\/p><h2>Arbitrage<\/h2><p>3 nouveaux arbitres ont obtenus le grade d&rsquo;arbitres nationaux lors de ce tournoi. Il s&rsquo;agit de Fabien Couturier de l&rsquo;AC Saint-Marcellin, Tom Blanchard et Merlin Seneclauze de la Gauloise de Vaise. On peut applaudir leur r\u00e9ussite malgr\u00e9 la lourde responsabilit\u00e9 d&rsquo;arbitrer lors d&rsquo;un plateau de niveau international. La ligue et son responsable arbitrage Julien Coleur sont tr\u00e8s fiers de leur r\u00e9ussite.<\/p><p>On peut remercier tous les arbitres de la ligue qui ont offici\u00e9 d&rsquo;une main de ma\u00eetre tout au long de cette journ\u00e9e intense.<\/p>\t\t\t\t\t\t\t\t<\/div>\n\t\t\t\t<\/div>\n\t\t\t\t\t<\/div>\n\t\t<\/div>\n\t\t\t\t\t<\/div>\n\t\t<\/section>\n\t\t\t\t<section class=\"elementor-section elementor-top-section elementor-element elementor-element-ba44110 elementor-section-boxed elementor-section-height-default elementor-section-height-default\" data-id=\"ba44110\" data-element_type=\"section\">\n\t\t\t\t\t\t<div class=\"elementor-container elementor-column-gap-default\">\n\t\t\t\t\t<div class=\"elementor-column elementor-col-100 elementor-top-column elementor-element elementor-element-d069786\" data-id=\"d069786\" data-element_type=\"column\">\n\t\t\t<div class=\"elementor-widget-wrap elementor-element-populated\">\n\t\t\t\t\t\t<div class=\"elementor-element elementor-element-6fec220 elementor-arrows-position-inside elementor-pagination-position-outside elementor-widget elementor-widget-image-carousel\" data-id=\"6fec220\" data-element_type=\"widget\" data-settings=\"{&quot;slides_to_show&quot;:&quot;2&quot;,&quot;navigation&quot;:&quot;both&quot;,&quot;autoplay&quot;:&quot;yes&quot;,&quot;pause_on_hover&quot;:&quot;yes&quot;,&quot;pause_on_interaction&quot;:&quot;yes&quot;,&quot;autoplay_speed&quot;:5000,&quot;infinite&quot;:&quot;yes&quot;,&quot;speed&quot;:500}\" data-widget_type=\"image-carousel.default\">\n\t\t\t\t<div class=\"elementor-widget-container\">\n\t\t\t\t\t\t\t<div class=\"elementor-image-carousel-wrapper swiper\" role=\"region\" aria-roledescription=\"carousel\" aria-label=\"Carrousel d\u2019images\" dir=\"ltr\">\n\t\t\t<div class=\"elementor-image-carousel swiper-wrapper\" aria-live=\"off\">\n\t\t\t\t\t\t\t\t<div class=\"swiper-slide\" role=\"group\" aria-roledescription=\"slide\" aria-label=\"1 sur 2\"><a data-elementor-open-lightbox=\"yes\" data-elementor-lightbox-slideshow=\"6fec220\" data-elementor-lightbox-title=\"Photo-pour-article-site-1-3\" data-e-action-hash=\"#elementor-action%3Aaction%3Dlightbox%26settings%3DeyJpZCI6MjQzMywidXJsIjoiaHR0cHM6XC9cL2F1cmEtaGFsdGVyby5mclwvd3AtY29udGVudFwvdXBsb2Fkc1wvMjAyNlwvMDJcL1Bob3RvLXBvdXItYXJ0aWNsZS1zaXRlLTEtMy5wbmciLCJzbGlkZXNob3ciOiI2ZmVjMjIwIn0%3D\" href=\"https:\/\/aura-haltero.fr\/wp-content\/uploads\/2026\/02\/Photo-pour-article-site-1-3.png\"><figure class=\"swiper-slide-inner\"><img decoding=\"async\" class=\"swiper-slide-image\" src=\"https:\/\/aura-haltero.fr\/wp-content\/uploads\/2026\/02\/Photo-pour-article-site-1-3-300x158.png\" alt=\"Nouveaux arbitres NAT - de droite \u00e0 gauche Tom Blanchard, Fabien Couturier, Merlin Seneclauze\" \/><\/figure><\/a><\/div><div class=\"swiper-slide\" role=\"group\" aria-roledescription=\"slide\" aria-label=\"2 sur 2\"><a data-elementor-open-lightbox=\"yes\" data-elementor-lightbox-slideshow=\"6fec220\" data-elementor-lightbox-title=\"Photo-pour-article-site-15\" data-e-action-hash=\"#elementor-action%3Aaction%3Dlightbox%26settings%3DeyJpZCI6MjQzNCwidXJsIjoiaHR0cHM6XC9cL2F1cmEtaGFsdGVyby5mclwvd3AtY29udGVudFwvdXBsb2Fkc1wvMjAyNlwvMDJcL1Bob3RvLXBvdXItYXJ0aWNsZS1zaXRlLTE1LnBuZyIsInNsaWRlc2hvdyI6IjZmZWMyMjAifQ%3D%3D\" href=\"https:\/\/aura-haltero.fr\/wp-content\/uploads\/2026\/02\/Photo-pour-article-site-15.png\"><figure class=\"swiper-slide-inner\"><img decoding=\"async\" class=\"swiper-slide-image\" src=\"https:\/\/aura-haltero.fr\/wp-content\/uploads\/2026\/02\/Photo-pour-article-site-15-300x158.png\" alt=\"Arbitres du 11\u00e8me tournoi f\u00e9minin de Lyon\" \/><\/figure><\/a><\/div>\t\t\t<\/div>\n\t\t\t\t\t\t\t\t\t\t\t\t<div class=\"elementor-swiper-button elementor-swiper-button-prev\" role=\"button\" tabindex=\"0\">\n\t\t\t\t\t\t<i aria-hidden=\"true\" class=\"eicon-chevron-left\"><\/i>\t\t\t\t\t<\/div>\n\t\t\t\t\t<div class=\"elementor-swiper-button elementor-swiper-button-next\" role=\"button\" tabindex=\"0\">\n\t\t\t\t\t\t<i aria-hidden=\"true\" class=\"eicon-chevron-right\"><\/i>\t\t\t\t\t<\/div>\n\t\t\t\t\n\t\t\t\t\t\t\t\t\t<div class=\"swiper-pagination\"><\/div>\n\t\t\t\t\t\t\t\t\t<\/div>\n\t\t\t\t\t\t<\/div>\n\t\t\t\t<\/div>\n\t\t\t\t\t<\/div>\n\t\t<\/div>\n\t\t\t\t\t<\/div>\n\t\t<\/section>\n\t\t\t\t<section class=\"elementor-section elementor-top-section elementor-element elementor-element-7a24cb9 elementor-section-boxed elementor-section-height-default elementor-section-height-default\" data-id=\"7a24cb9\" data-element_type=\"section\">\n\t\t\t\t\t\t<div class=\"elementor-container elementor-column-gap-default\">\n\t\t\t\t\t<div class=\"elementor-column elementor-col-100 elementor-top-column elementor-element elementor-element-fc78de6\" data-id=\"fc78de6\" data-element_type=\"column\">\n\t\t\t<div class=\"elementor-widget-wrap elementor-element-populated\">\n\t\t\t\t\t\t<div class=\"elementor-element elementor-element-766bd99 elementor-widget elementor-widget-text-editor\" data-id=\"766bd99\" data-element_type=\"widget\" data-widget_type=\"text-editor.default\">\n\t\t\t\t<div class=\"elementor-widget-container\">\n\t\t\t\t\t\t\t\t\t<h2>Colloque Sport f\u00e9minin<\/h2>\n<p>Nouveaut\u00e9 cette ann\u00e9e, un colloque a \u00e9t\u00e9 organis\u00e9 la veille du tournoi sur le th\u00e9me du sport f\u00e9minin et de la sant\u00e9 avec notamment la participation de la championne d&rsquo;Europe Dora Tchakounte et d&rsquo;experts (m\u00e9d\u00e9cin du sport, gyn\u00e9cologue, entraineurs&#8230;) . Des th\u00e9matiques comme la gestion du cycle menstruel ou la pr\u00e9vention des blessures ont \u00e9t\u00e9 abord\u00e9es. Retrouvez la rediffusion du colloque \u00e0 ce <a href=\"https:\/\/www.youtube.com\/watch?v=9Scr4zBhkm8\">lien<\/a>.<\/p>\n<p><br><\/p>\t\t\t\t\t\t\t\t<\/div>\n\t\t\t\t<\/div>\n\t\t\t\t<div class=\"elementor-element elementor-element-9240e54 elementor-widget elementor-widget-text-editor\" data-id=\"9240e54\" data-element_type=\"widget\" data-widget_type=\"text-editor.default\">\n\t\t\t\t<div class=\"elementor-widget-container\">\n\t\t\t\t\t\t\t\t\t<p>Le tournoi f\u00e9minin est devenu au fil des ann\u00e9es une r\u00e9f\u00e9rence dans le paysage halt\u00e9rophile fran\u00e7ais. On peut encore une fois saluer le travail de la pr\u00e9sidente Nathalie Garet, du comit\u00e9 directeur de la Gauloise de Vaise et de tous les b\u00e9n\u00e9voles pour cette grande r\u00e9ussite.<\/p>\t\t\t\t\t\t\t\t<\/div>\n\t\t\t\t<\/div>\n\t\t\t\t\t<\/div>\n\t\t<\/div>\n\t\t\t\t\t<\/div>\n\t\t<\/section>\n\t\t\t\t<\/div>\n\t\t","protected":false},"excerpt":{"rendered":"<p>La 11\u00e8me \u00e9dition du tournoi f\u00e9minin de Lyon s&rsquo;est d\u00e9roul\u00e9e samedi dernier et on peut dire que le niveau est mont\u00e9e d&rsquo;un cran ! Les spectateurs venus en nombre ont surement vu la comp\u00e9tition la plus relev\u00e9e cette ann\u00e9e en France, avec une pluie de records de France et d&rsquo;Europe. R\u00e9sultats Le niveau n&rsquo;a jamais [&hellip;]<\/p>\n","protected":false},"author":3,"featured_media":2432,"comment_status":"open","ping_status":"open","sticky":false,"template":"","format":"standard","meta":{"_jetpack_memberships_contains_paid_content":false,"footnotes":""},"categories":[12,13],"tags":[],"class_list":["post-2430","post","type-post","status-publish","format-standard","has-post-thumbnail","hentry","category-actualites","category-resultats"],"yoast_head":"<!-- This site is optimized with the Yoast SEO plugin v27.4 - https:\/\/yoast.com\/product\/yoast-seo-wordpress\/ -->\n<title>Tournoi F\u00e9minin de Lyon - LAURAHM<\/title>\n<meta name=\"robots\" content=\"index, follow, max-snippet:-1, max-image-preview:large, max-video-preview:-1\" \/>\n<link rel=\"canonical\" href=\"https:\/\/aura-haltero.fr\/index.php\/2026\/02\/19\/elementor-2430\/\" \/>\n<meta property=\"og:locale\" content=\"fr_FR\" \/>\n<meta property=\"og:type\" content=\"article\" \/>\n<meta property=\"og:title\" content=\"Tournoi F\u00e9minin de Lyon - LAURAHM\" \/>\n<meta property=\"og:description\" content=\"La 11\u00e8me \u00e9dition du tournoi f\u00e9minin de Lyon s&rsquo;est d\u00e9roul\u00e9e samedi dernier et on peut dire que le niveau est mont\u00e9e d&rsquo;un cran ! Les spectateurs venus en nombre ont surement vu la comp\u00e9tition la plus relev\u00e9e cette ann\u00e9e en France, avec une pluie de records de France et d&rsquo;Europe. R\u00e9sultats Le niveau n&rsquo;a jamais [&hellip;]\" \/>\n<meta property=\"og:url\" content=\"https:\/\/aura-haltero.fr\/index.php\/2026\/02\/19\/elementor-2430\/\" \/>\n<meta property=\"og:site_name\" content=\"LAURAHM\" \/>\n<meta property=\"article:publisher\" content=\"https:\/\/www.facebook.com\/LigueAURAHM\" \/>\n<meta property=\"article:published_time\" content=\"2026-02-19T09:22:38+00:00\" \/>\n<meta property=\"article:modified_time\" content=\"2026-02-19T09:27:45+00:00\" \/>\n<meta property=\"og:image\" content=\"https:\/\/aura-haltero.fr\/wp-content\/uploads\/2026\/02\/Photo-pour-article-site-11.png\" \/>\n\t<meta property=\"og:image:width\" content=\"1200\" \/>\n\t<meta property=\"og:image:height\" content=\"630\" \/>\n\t<meta property=\"og:image:type\" content=\"image\/png\" \/>\n<meta name=\"author\" content=\"Joris DAWID\" \/>\n<meta name=\"twitter:card\" content=\"summary_large_image\" \/>\n<meta name=\"twitter:label1\" content=\"\u00c9crit par\" \/>\n\t<meta name=\"twitter:data1\" content=\"Joris DAWID\" \/>\n\t<meta name=\"twitter:label2\" content=\"Dur\u00e9e de lecture estim\u00e9e\" \/>\n\t<meta name=\"twitter:data2\" content=\"4 minutes\" \/>\n<script type=\"application\/ld+json\" class=\"yoast-schema-graph\">{\"@context\":\"https:\\\/\\\/schema.org\",\"@graph\":[{\"@type\":\"Article\",\"@id\":\"https:\\\/\\\/aura-haltero.fr\\\/index.php\\\/2026\\\/02\\\/19\\\/elementor-2430\\\/#article\",\"isPartOf\":{\"@id\":\"https:\\\/\\\/aura-haltero.fr\\\/index.php\\\/2026\\\/02\\\/19\\\/elementor-2430\\\/\"},\"author\":{\"name\":\"Joris DAWID\",\"@id\":\"https:\\\/\\\/aura-haltero.fr\\\/#\\\/schema\\\/person\\\/462f3a32a29a22ee83722e516e19af5f\"},\"headline\":\"Tournoi F\u00e9minin de Lyon\",\"datePublished\":\"2026-02-19T09:22:38+00:00\",\"dateModified\":\"2026-02-19T09:27:45+00:00\",\"mainEntityOfPage\":{\"@id\":\"https:\\\/\\\/aura-haltero.fr\\\/index.php\\\/2026\\\/02\\\/19\\\/elementor-2430\\\/\"},\"wordCount\":464,\"commentCount\":0,\"publisher\":{\"@id\":\"https:\\\/\\\/aura-haltero.fr\\\/#organization\"},\"image\":{\"@id\":\"https:\\\/\\\/aura-haltero.fr\\\/index.php\\\/2026\\\/02\\\/19\\\/elementor-2430\\\/#primaryimage\"},\"thumbnailUrl\":\"https:\\\/\\\/aura-haltero.fr\\\/wp-content\\\/uploads\\\/2026\\\/02\\\/Photo-pour-article-site-11.png\",\"articleSection\":[\"Actualit\u00e9s\",\"R\u00e9sultats\"],\"inLanguage\":\"fr-FR\",\"potentialAction\":[{\"@type\":\"CommentAction\",\"name\":\"Comment\",\"target\":[\"https:\\\/\\\/aura-haltero.fr\\\/index.php\\\/2026\\\/02\\\/19\\\/elementor-2430\\\/#respond\"]}]},{\"@type\":\"WebPage\",\"@id\":\"https:\\\/\\\/aura-haltero.fr\\\/index.php\\\/2026\\\/02\\\/19\\\/elementor-2430\\\/\",\"url\":\"https:\\\/\\\/aura-haltero.fr\\\/index.php\\\/2026\\\/02\\\/19\\\/elementor-2430\\\/\",\"name\":\"Tournoi F\u00e9minin de Lyon - LAURAHM\",\"isPartOf\":{\"@id\":\"https:\\\/\\\/aura-haltero.fr\\\/#website\"},\"primaryImageOfPage\":{\"@id\":\"https:\\\/\\\/aura-haltero.fr\\\/index.php\\\/2026\\\/02\\\/19\\\/elementor-2430\\\/#primaryimage\"},\"image\":{\"@id\":\"https:\\\/\\\/aura-haltero.fr\\\/index.php\\\/2026\\\/02\\\/19\\\/elementor-2430\\\/#primaryimage\"},\"thumbnailUrl\":\"https:\\\/\\\/aura-haltero.fr\\\/wp-content\\\/uploads\\\/2026\\\/02\\\/Photo-pour-article-site-11.png\",\"datePublished\":\"2026-02-19T09:22:38+00:00\",\"dateModified\":\"2026-02-19T09:27:45+00:00\",\"breadcrumb\":{\"@id\":\"https:\\\/\\\/aura-haltero.fr\\\/index.php\\\/2026\\\/02\\\/19\\\/elementor-2430\\\/#breadcrumb\"},\"inLanguage\":\"fr-FR\",\"potentialAction\":[{\"@type\":\"ReadAction\",\"target\":[\"https:\\\/\\\/aura-haltero.fr\\\/index.php\\\/2026\\\/02\\\/19\\\/elementor-2430\\\/\"]}]},{\"@type\":\"ImageObject\",\"inLanguage\":\"fr-FR\",\"@id\":\"https:\\\/\\\/aura-haltero.fr\\\/index.php\\\/2026\\\/02\\\/19\\\/elementor-2430\\\/#primaryimage\",\"url\":\"https:\\\/\\\/aura-haltero.fr\\\/wp-content\\\/uploads\\\/2026\\\/02\\\/Photo-pour-article-site-11.png\",\"contentUrl\":\"https:\\\/\\\/aura-haltero.fr\\\/wp-content\\\/uploads\\\/2026\\\/02\\\/Photo-pour-article-site-11.png\",\"width\":1200,\"height\":630,\"caption\":\"11\u00e8me tournoi f\u00e9minin Lyon\"},{\"@type\":\"BreadcrumbList\",\"@id\":\"https:\\\/\\\/aura-haltero.fr\\\/index.php\\\/2026\\\/02\\\/19\\\/elementor-2430\\\/#breadcrumb\",\"itemListElement\":[{\"@type\":\"ListItem\",\"position\":1,\"name\":\"Accueil\",\"item\":\"https:\\\/\\\/aura-haltero.fr\\\/\"},{\"@type\":\"ListItem\",\"position\":2,\"name\":\"Tournoi F\u00e9minin de Lyon\"}]},{\"@type\":\"WebSite\",\"@id\":\"https:\\\/\\\/aura-haltero.fr\\\/#website\",\"url\":\"https:\\\/\\\/aura-haltero.fr\\\/\",\"name\":\"LAURAHM\",\"description\":\"Ligue AURA Halt\u00e9rophilie-Musculation\",\"publisher\":{\"@id\":\"https:\\\/\\\/aura-haltero.fr\\\/#organization\"},\"potentialAction\":[{\"@type\":\"SearchAction\",\"target\":{\"@type\":\"EntryPoint\",\"urlTemplate\":\"https:\\\/\\\/aura-haltero.fr\\\/?s={search_term_string}\"},\"query-input\":{\"@type\":\"PropertyValueSpecification\",\"valueRequired\":true,\"valueName\":\"search_term_string\"}}],\"inLanguage\":\"fr-FR\"},{\"@type\":\"Organization\",\"@id\":\"https:\\\/\\\/aura-haltero.fr\\\/#organization\",\"name\":\"Ligue Auvergne Rh\u00f4ne Alpes d'Halt\u00e9rophilie-Musculation\",\"url\":\"https:\\\/\\\/aura-haltero.fr\\\/\",\"logo\":{\"@type\":\"ImageObject\",\"inLanguage\":\"fr-FR\",\"@id\":\"https:\\\/\\\/aura-haltero.fr\\\/#\\\/schema\\\/logo\\\/image\\\/\",\"url\":\"https:\\\/\\\/aura-haltero.fr\\\/wp-content\\\/uploads\\\/2023\\\/07\\\/Nouveau-logo-ligue-2.png\",\"contentUrl\":\"https:\\\/\\\/aura-haltero.fr\\\/wp-content\\\/uploads\\\/2023\\\/07\\\/Nouveau-logo-ligue-2.png\",\"width\":1399,\"height\":1398,\"caption\":\"Ligue Auvergne Rh\u00f4ne Alpes d'Halt\u00e9rophilie-Musculation\"},\"image\":{\"@id\":\"https:\\\/\\\/aura-haltero.fr\\\/#\\\/schema\\\/logo\\\/image\\\/\"},\"sameAs\":[\"https:\\\/\\\/www.facebook.com\\\/LigueAURAHM\",\"https:\\\/\\\/www.instagram.com\\\/ligueaurahm\\\/\"]},{\"@type\":\"Person\",\"@id\":\"https:\\\/\\\/aura-haltero.fr\\\/#\\\/schema\\\/person\\\/462f3a32a29a22ee83722e516e19af5f\",\"name\":\"Joris DAWID\",\"image\":{\"@type\":\"ImageObject\",\"inLanguage\":\"fr-FR\",\"@id\":\"https:\\\/\\\/secure.gravatar.com\\\/avatar\\\/7a3306bb412092e975a7f1570bf6576eb75699b7510ea7ffdd93a2eaa193a8ae?s=96&d=mm&r=g\",\"url\":\"https:\\\/\\\/secure.gravatar.com\\\/avatar\\\/7a3306bb412092e975a7f1570bf6576eb75699b7510ea7ffdd93a2eaa193a8ae?s=96&d=mm&r=g\",\"contentUrl\":\"https:\\\/\\\/secure.gravatar.com\\\/avatar\\\/7a3306bb412092e975a7f1570bf6576eb75699b7510ea7ffdd93a2eaa193a8ae?s=96&d=mm&r=g\",\"caption\":\"Joris DAWID\"},\"url\":\"https:\\\/\\\/aura-haltero.fr\\\/index.php\\\/author\\\/joris-dawid\\\/\"}]}<\/script>\n<!-- \/ Yoast SEO plugin. -->","yoast_head_json":{"title":"Tournoi F\u00e9minin de Lyon - LAURAHM","robots":{"index":"index","follow":"follow","max-snippet":"max-snippet:-1","max-image-preview":"max-image-preview:large","max-video-preview":"max-video-preview:-1"},"canonical":"https:\/\/aura-haltero.fr\/index.php\/2026\/02\/19\/elementor-2430\/","og_locale":"fr_FR","og_type":"article","og_title":"Tournoi F\u00e9minin de Lyon - LAURAHM","og_description":"La 11\u00e8me \u00e9dition du tournoi f\u00e9minin de Lyon s&rsquo;est d\u00e9roul\u00e9e samedi dernier et on peut dire que le niveau est mont\u00e9e d&rsquo;un cran ! Les spectateurs venus en nombre ont surement vu la comp\u00e9tition la plus relev\u00e9e cette ann\u00e9e en France, avec une pluie de records de France et d&rsquo;Europe. R\u00e9sultats Le niveau n&rsquo;a jamais [&hellip;]","og_url":"https:\/\/aura-haltero.fr\/index.php\/2026\/02\/19\/elementor-2430\/","og_site_name":"LAURAHM","article_publisher":"https:\/\/www.facebook.com\/LigueAURAHM","article_published_time":"2026-02-19T09:22:38+00:00","article_modified_time":"2026-02-19T09:27:45+00:00","og_image":[{"width":1200,"height":630,"url":"https:\/\/aura-haltero.fr\/wp-content\/uploads\/2026\/02\/Photo-pour-article-site-11.png","type":"image\/png"}],"author":"Joris DAWID","twitter_card":"summary_large_image","twitter_misc":{"\u00c9crit par":"Joris DAWID","Dur\u00e9e de lecture estim\u00e9e":"4 minutes"},"schema":{"@context":"https:\/\/schema.org","@graph":[{"@type":"Article","@id":"https:\/\/aura-haltero.fr\/index.php\/2026\/02\/19\/elementor-2430\/#article","isPartOf":{"@id":"https:\/\/aura-haltero.fr\/index.php\/2026\/02\/19\/elementor-2430\/"},"author":{"name":"Joris DAWID","@id":"https:\/\/aura-haltero.fr\/#\/schema\/person\/462f3a32a29a22ee83722e516e19af5f"},"headline":"Tournoi F\u00e9minin de Lyon","datePublished":"2026-02-19T09:22:38+00:00","dateModified":"2026-02-19T09:27:45+00:00","mainEntityOfPage":{"@id":"https:\/\/aura-haltero.fr\/index.php\/2026\/02\/19\/elementor-2430\/"},"wordCount":464,"commentCount":0,"publisher":{"@id":"https:\/\/aura-haltero.fr\/#organization"},"image":{"@id":"https:\/\/aura-haltero.fr\/index.php\/2026\/02\/19\/elementor-2430\/#primaryimage"},"thumbnailUrl":"https:\/\/aura-haltero.fr\/wp-content\/uploads\/2026\/02\/Photo-pour-article-site-11.png","articleSection":["Actualit\u00e9s","R\u00e9sultats"],"inLanguage":"fr-FR","potentialAction":[{"@type":"CommentAction","name":"Comment","target":["https:\/\/aura-haltero.fr\/index.php\/2026\/02\/19\/elementor-2430\/#respond"]}]},{"@type":"WebPage","@id":"https:\/\/aura-haltero.fr\/index.php\/2026\/02\/19\/elementor-2430\/","url":"https:\/\/aura-haltero.fr\/index.php\/2026\/02\/19\/elementor-2430\/","name":"Tournoi F\u00e9minin de Lyon - LAURAHM","isPartOf":{"@id":"https:\/\/aura-haltero.fr\/#website"},"primaryImageOfPage":{"@id":"https:\/\/aura-haltero.fr\/index.php\/2026\/02\/19\/elementor-2430\/#primaryimage"},"image":{"@id":"https:\/\/aura-haltero.fr\/index.php\/2026\/02\/19\/elementor-2430\/#primaryimage"},"thumbnailUrl":"https:\/\/aura-haltero.fr\/wp-content\/uploads\/2026\/02\/Photo-pour-article-site-11.png","datePublished":"2026-02-19T09:22:38+00:00","dateModified":"2026-02-19T09:27:45+00:00","breadcrumb":{"@id":"https:\/\/aura-haltero.fr\/index.php\/2026\/02\/19\/elementor-2430\/#breadcrumb"},"inLanguage":"fr-FR","potentialAction":[{"@type":"ReadAction","target":["https:\/\/aura-haltero.fr\/index.php\/2026\/02\/19\/elementor-2430\/"]}]},{"@type":"ImageObject","inLanguage":"fr-FR","@id":"https:\/\/aura-haltero.fr\/index.php\/2026\/02\/19\/elementor-2430\/#primaryimage","url":"https:\/\/aura-haltero.fr\/wp-content\/uploads\/2026\/02\/Photo-pour-article-site-11.png","contentUrl":"https:\/\/aura-haltero.fr\/wp-content\/uploads\/2026\/02\/Photo-pour-article-site-11.png","width":1200,"height":630,"caption":"11\u00e8me tournoi f\u00e9minin Lyon"},{"@type":"BreadcrumbList","@id":"https:\/\/aura-haltero.fr\/index.php\/2026\/02\/19\/elementor-2430\/#breadcrumb","itemListElement":[{"@type":"ListItem","position":1,"name":"Accueil","item":"https:\/\/aura-haltero.fr\/"},{"@type":"ListItem","position":2,"name":"Tournoi F\u00e9minin de Lyon"}]},{"@type":"WebSite","@id":"https:\/\/aura-haltero.fr\/#website","url":"https:\/\/aura-haltero.fr\/","name":"LAURAHM","description":"Ligue AURA Halt\u00e9rophilie-Musculation","publisher":{"@id":"https:\/\/aura-haltero.fr\/#organization"},"potentialAction":[{"@type":"SearchAction","target":{"@type":"EntryPoint","urlTemplate":"https:\/\/aura-haltero.fr\/?s={search_term_string}"},"query-input":{"@type":"PropertyValueSpecification","valueRequired":true,"valueName":"search_term_string"}}],"inLanguage":"fr-FR"},{"@type":"Organization","@id":"https:\/\/aura-haltero.fr\/#organization","name":"Ligue Auvergne Rh\u00f4ne Alpes d'Halt\u00e9rophilie-Musculation","url":"https:\/\/aura-haltero.fr\/","logo":{"@type":"ImageObject","inLanguage":"fr-FR","@id":"https:\/\/aura-haltero.fr\/#\/schema\/logo\/image\/","url":"https:\/\/aura-haltero.fr\/wp-content\/uploads\/2023\/07\/Nouveau-logo-ligue-2.png","contentUrl":"https:\/\/aura-haltero.fr\/wp-content\/uploads\/2023\/07\/Nouveau-logo-ligue-2.png","width":1399,"height":1398,"caption":"Ligue Auvergne Rh\u00f4ne Alpes d'Halt\u00e9rophilie-Musculation"},"image":{"@id":"https:\/\/aura-haltero.fr\/#\/schema\/logo\/image\/"},"sameAs":["https:\/\/www.facebook.com\/LigueAURAHM","https:\/\/www.instagram.com\/ligueaurahm\/"]},{"@type":"Person","@id":"https:\/\/aura-haltero.fr\/#\/schema\/person\/462f3a32a29a22ee83722e516e19af5f","name":"Joris DAWID","image":{"@type":"ImageObject","inLanguage":"fr-FR","@id":"https:\/\/secure.gravatar.com\/avatar\/7a3306bb412092e975a7f1570bf6576eb75699b7510ea7ffdd93a2eaa193a8ae?s=96&d=mm&r=g","url":"https:\/\/secure.gravatar.com\/avatar\/7a3306bb412092e975a7f1570bf6576eb75699b7510ea7ffdd93a2eaa193a8ae?s=96&d=mm&r=g","contentUrl":"https:\/\/secure.gravatar.com\/avatar\/7a3306bb412092e975a7f1570bf6576eb75699b7510ea7ffdd93a2eaa193a8ae?s=96&d=mm&r=g","caption":"Joris DAWID"},"url":"https:\/\/aura-haltero.fr\/index.php\/author\/joris-dawid\/"}]}},"jetpack_featured_media_url":"https:\/\/aura-haltero.fr\/wp-content\/uploads\/2026\/02\/Photo-pour-article-site-11.png","jetpack_sharing_enabled":true,"_links":{"self":[{"href":"https:\/\/aura-haltero.fr\/index.php\/wp-json\/wp\/v2\/posts\/2430","targetHints":{"allow":["GET"]}}],"collection":[{"href":"https:\/\/aura-haltero.fr\/index.php\/wp-json\/wp\/v2\/posts"}],"about":[{"href":"https:\/\/aura-haltero.fr\/index.php\/wp-json\/wp\/v2\/types\/post"}],"author":[{"embeddable":true,"href":"https:\/\/aura-haltero.fr\/index.php\/wp-json\/wp\/v2\/users\/3"}],"replies":[{"embeddable":true,"href":"https:\/\/aura-haltero.fr\/index.php\/wp-json\/wp\/v2\/comments?post=2430"}],"version-history":[{"count":14,"href":"https:\/\/aura-haltero.fr\/index.php\/wp-json\/wp\/v2\/posts\/2430\/revisions"}],"predecessor-version":[{"id":2447,"href":"https:\/\/aura-haltero.fr\/index.php\/wp-json\/wp\/v2\/posts\/2430\/revisions\/2447"}],"wp:featuredmedia":[{"embeddable":true,"href":"https:\/\/aura-haltero.fr\/index.php\/wp-json\/wp\/v2\/media\/2432"}],"wp:attachment":[{"href":"https:\/\/aura-haltero.fr\/index.php\/wp-json\/wp\/v2\/media?parent=2430"}],"wp:term":[{"taxonomy":"category","embeddable":true,"href":"https:\/\/aura-haltero.fr\/index.php\/wp-json\/wp\/v2\/categories?post=2430"},{"taxonomy":"post_tag","embeddable":true,"href":"https:\/\/aura-haltero.fr\/index.php\/wp-json\/wp\/v2\/tags?post=2430"}],"curies":[{"name":"wp","href":"https:\/\/api.w.org\/{rel}","templated":true}]}}