{"id":1913,"date":"2025-11-03T13:40:15","date_gmt":"2025-11-03T12:40:15","guid":{"rendered":"https:\/\/aura-haltero.fr\/?p=1913"},"modified":"2025-11-14T11:30:44","modified_gmt":"2025-11-14T10:30:44","slug":"competitions-du-week-end-du-03-11","status":"publish","type":"post","link":"https:\/\/aura-haltero.fr\/index.php\/2025\/11\/03\/competitions-du-week-end-du-03-11\/","title":{"rendered":"Comp\u00e9titions du Week-end du 01\/11 &#8211; Challenges Avenir et Troph\u00e9e Izerable"},"content":{"rendered":"\t\t<div data-elementor-type=\"wp-post\" data-elementor-id=\"1913\" class=\"elementor elementor-1913\" data-elementor-post-type=\"post\">\n\t\t\t\t\t\t<section class=\"elementor-section elementor-top-section elementor-element elementor-element-ddd0dfc elementor-section-boxed elementor-section-height-default elementor-section-height-default\" data-id=\"ddd0dfc\" data-element_type=\"section\">\n\t\t\t\t\t\t<div class=\"elementor-container elementor-column-gap-default\">\n\t\t\t\t\t<div class=\"elementor-column elementor-col-100 elementor-top-column elementor-element elementor-element-6b23ce29\" data-id=\"6b23ce29\" data-element_type=\"column\">\n\t\t\t<div class=\"elementor-widget-wrap elementor-element-populated\">\n\t\t\t\t\t\t<div class=\"elementor-element elementor-element-44d2b3c5 elementor-widget__width-initial elementor-widget elementor-widget-text-editor\" data-id=\"44d2b3c5\" data-element_type=\"widget\" data-widget_type=\"text-editor.default\">\n\t\t\t\t<div class=\"elementor-widget-container\">\n\t\t\t\t\t\t\t\t\t<p>\u00a0Deux comp\u00e9titions ont \u00e9t\u00e9 organis\u00e9es dans la ligue ce week-end situ\u00e9es sur 2 implantations.<\/p>\n<p><!-- \/wp:paragraph --><!-- wp:paragraph --><\/p>\n<p>A Tournus \u00e9tait organis\u00e9 un challenge avenir pour le comit\u00e9 de l&rsquo;Ain avec la participation e 11 athl\u00e8tes issus du club local ainsi que de Viriat, Oyonnax et de Anse. 6 athl\u00e8tes concourraient en U13 avec d\u00e9j\u00e0 beaucoup de performances au dessus des minima attendus pour le troph\u00e9e national U13.<\/p>\n<p>Chez les hommes en U15 Lorenzo Peltier de Tournus est 1er, Thomas Badet de Viriat remporte le match et chez les femmes il s&rsquo;agit de Julie Badet du club de Tournus.<\/p>\n<p>\u00a0<\/p>\n<p><!-- \/wp:paragraph --><!-- wp:paragraph --><\/p>\n<p><!-- \/wp:paragraph --><!-- wp:paragraph --><\/p>\n<p><!-- \/wp:paragraph --><!-- wp:paragraph --><\/p>\n<p>R<a href=\"https:\/\/scoresheet.ffhaltero.fr\/scoresheet\/competition\/view\/11883\" target=\"_blank\" rel=\"noopener\">\u00e9sultats femmes<\/a>\u00a0|\u00a0<a href=\"https:\/\/scoresheet.ffhaltero.fr\/scoresheet\/competition\/view\/11883\" target=\"_blank\" rel=\"noopener\">R\u00e9sultats hommes<\/a>\u00a0|\u00a0<a href=\"https:\/\/scoresheet.ffhaltero.fr\/scoresheet\/competition\/view\/11881\" target=\"_blank\" rel=\"noopener\">R\u00e9sultats U13<\/a><\/p>\n<p>\u00a0<\/p>\n<p><!-- \/wp:paragraph --><\/p>\t\t\t\t\t\t\t\t<\/div>\n\t\t\t\t<\/div>\n\t\t\t\t<div class=\"elementor-element elementor-element-6710956 elementor-widget elementor-widget-image\" data-id=\"6710956\" data-element_type=\"widget\" data-widget_type=\"image.default\">\n\t\t\t\t<div class=\"elementor-widget-container\">\n\t\t\t\t\t\t\t\t\t\t\t\t\t\t\t<img fetchpriority=\"high\" decoding=\"async\" width=\"800\" height=\"600\" src=\"https:\/\/aura-haltero.fr\/wp-content\/uploads\/2025\/11\/574860994_1389414439358872_526812303763429079_n-1-1024x768.jpg\" class=\"attachment-large size-large wp-image-1916\" alt=\"\" srcset=\"https:\/\/aura-haltero.fr\/wp-content\/uploads\/2025\/11\/574860994_1389414439358872_526812303763429079_n-1-1024x768.jpg 1024w, https:\/\/aura-haltero.fr\/wp-content\/uploads\/2025\/11\/574860994_1389414439358872_526812303763429079_n-1-300x225.jpg 300w, https:\/\/aura-haltero.fr\/wp-content\/uploads\/2025\/11\/574860994_1389414439358872_526812303763429079_n-1-768x576.jpg 768w, https:\/\/aura-haltero.fr\/wp-content\/uploads\/2025\/11\/574860994_1389414439358872_526812303763429079_n-1.jpg 1080w\" sizes=\"(max-width: 800px) 100vw, 800px\" \/>\t\t\t\t\t\t\t\t\t\t\t\t\t\t\t<\/div>\n\t\t\t\t<\/div>\n\t\t\t\t\t<\/div>\n\t\t<\/div>\n\t\t\t\t\t<\/div>\n\t\t<\/section>\n\t\t\t\t<section class=\"elementor-section elementor-top-section elementor-element elementor-element-b4d3e1b elementor-section-boxed elementor-section-height-default elementor-section-height-default\" data-id=\"b4d3e1b\" data-element_type=\"section\">\n\t\t\t\t\t\t<div class=\"elementor-container elementor-column-gap-default\">\n\t\t\t\t\t<div class=\"elementor-column elementor-col-100 elementor-top-column elementor-element elementor-element-3bec852\" data-id=\"3bec852\" data-element_type=\"column\">\n\t\t\t<div class=\"elementor-widget-wrap elementor-element-populated\">\n\t\t\t\t\t\t<div class=\"elementor-element elementor-element-7f9c73b elementor-widget elementor-widget-text-editor\" data-id=\"7f9c73b\" data-element_type=\"widget\" data-widget_type=\"text-editor.default\">\n\t\t\t\t<div class=\"elementor-widget-container\">\n\t\t\t\t\t\t\t\t\t<p>&nbsp;<b>Premier Challenge Avenir de la saison \u00e0 Romans: sport, partage et hommage<\/b><\/p>\n<div dir=\"auto\">Ce week-end, le club Halt\u00e9rophilie Romanais P\u00e9agois organisait le 1er Challenge Avenir de la saison, une belle r\u00e9ussite sportive et humaine !<\/div>\n<div dir=\"auto\">Pas moins de <b>59 athl\u00e8tes<\/b> venus des d\u00e9partements de la <b>Dr\u00f4me, de l\u2019Ard\u00e8che et de l\u2019Is\u00e8re <\/b>se sont retrouv\u00e9s sur les plateaux pour lancer la saison dans une ambiance conviviale et motivante<\/div>\n<div dir=\"auto\">&nbsp;<\/div>\n<div dir=\"auto\">Cette comp\u00e9tition marquait \u00e9galement un moment symbolique : la <b>c\u00e9l\u00e9bration des 75 ans du club<\/b>, v\u00e9ritable pilier du sport romanais.<\/div>\n<div dir=\"auto\">\u00c0 cette occasion, le club a eu l\u2019honneur de cr\u00e9er le <b>Troph\u00e9e IZERABLE<\/b>, en hommage \u00e0 <b>M. Izerable<\/b>, ancien pr\u00e9sident du club, aujourd\u2019hui \u00e2g\u00e9 de <b>92 ans<\/b>.<\/div>\n<div dir=\"auto\">Une belle mani\u00e8re de saluer l\u2019histoire, l\u2019engagement et la passion de ceux qui ont fait grandir l\u2019halt\u00e9rophilie \u00e0 Bourg-de-P\u00e9age et Romans-sur-Is\u00e8re au fil des d\u00e9cennies<\/div>\n<div dir=\"auto\">&nbsp;<\/div>\n<div dir=\"auto\">F\u00e9licitations \u00e0 tous les athl\u00e8tes, encadrants, b\u00e9n\u00e9voles et arbitres pour leur implication et leur \u00e9nergie.<\/div>\n<div dir=\"auto\">Un grand merci \u00e9galement aux partenaires et aux familles qui continuent de faire vivre cette belle aventure sportive et humaine.<\/div>\n<div dir=\"auto\">&nbsp;<\/div>\n<div dir=\"auto\">Rendez-vous tr\u00e8s bient\u00f4t pour les prochaines comp\u00e9titions et pour de nouveaux moments de partage autour de la passion de l\u2019halt\u00e9rophilie !&nbsp;<\/div><div dir=\"auto\"><br><\/div>\n<div>&nbsp;<\/div>\n<p>Pour les r\u00e9sultats :&nbsp;<\/p>\n<p><\/p>\n<p>Chez les f\u00e9minines match serr\u00e9 avec la victoire de Chlo\u00e9 Vermare de Saint-Quentin Fallavier devant la locale Violaine Baude et Leslie Mathon d&rsquo;Hybrid Athletics. Chez les jeunes Gwena\u00eblle Chauvin du HC Montilien gagne et se classe interr\u00e9gionale. Chez les jeunes Alix Berthelet gagne chez les U20.<\/p>\n<p>Pour les athl\u00e8tes masculins, Vardges Vardanyan de Valence est victorieux en U15, Maximilien Papa du HRP en U17, et Florian Bail en U20 avec une performance au niveau Honneur. Chez les seniors Tristan Coussee de Barbell Union \u00e0 Grenoble gagne avec aussi les minima Honneur devant Mathieu Deletombe de Saint-Quentin-Fallavier et Kevin Bazin de Saint-Marcellin.<\/p>\n<p>R<a href=\"https:\/\/scoresheet.ffhaltero.fr\/scoresheet\/competition\/view\/11851\" target=\"_blank\" rel=\"noopener\">\u00e9sultats challenge U13<\/a>&nbsp;|&nbsp;<a href=\"https:\/\/scoresheet.ffhaltero.fr\/scoresheet\/competition\/view\/11855\" target=\"_blank\" rel=\"noopener\">R\u00e9sultats challenge femmes<\/a>&nbsp;|&nbsp;<a href=\"https:\/\/scoresheet.ffhaltero.fr\/scoresheet\/competition\/view\/11853\" target=\"_blank\" rel=\"noopener\">r\u00e9sultats challenge jeunes f\u00e9minines<\/a>&nbsp;|&nbsp;&nbsp;<a href=\"https:\/\/scoresheet.ffhaltero.fr\/scoresheet\/competition\/view\/11852\" target=\"_blank\" rel=\"noopener\">R\u00e9sultats jeunes masculins<\/a>&nbsp;|&nbsp;<a href=\"https:\/\/scoresheet.ffhaltero.fr\/scoresheet\/competition\/view\/11854\" target=\"_blank\" rel=\"noopener\">R\u00e9sultats seniors M 1<\/a>&nbsp;|&nbsp;<a href=\"https:\/\/scoresheet.ffhaltero.fr\/scoresheet\/competition\/view\/11897\" target=\"_blank\" rel=\"noopener\">seniors M 2<\/a><\/p>\n<p><\/p>\n<p>Chez les femmes la localle Annabelle Luguin l&#8217;emporte devant H\u00e9l\u00e9ne Pastel et Zo\u00e9 Nicolas toutes deux du club de Mont\u00e9limar.<\/p>\n<p>Chez les hommes Ga\u00ebl Eckman du HRP l&#8217;emporte et chez les seniors c&rsquo;est Antranig Aprahamian qui gagne devant son camarade de club Romain de Silva (2 performances de niveau National) et 3\u00e8me Mat\u00e9o Verrier de Mont\u00e9limar<\/p>\n<p><\/p>\n<p><a href=\"https:\/\/scoresheet.ffhaltero.fr\/scoresheet\/competition\/view\/11857\" target=\"_blank\" rel=\"noopener\">R\u00e9sultats troph\u00e9e femmes<\/a>&nbsp;|&nbsp;<a href=\"https:\/\/scoresheet.ffhaltero.fr\/scoresheet\/competition\/view\/11856\" target=\"_blank\" rel=\"noopener\">R\u00e9sultat troph\u00e9e hommes<\/a><\/p>\n<p><\/p>\t\t\t\t\t\t\t\t<\/div>\n\t\t\t\t<\/div>\n\t\t\t\t<div class=\"elementor-element elementor-element-92d6ddd elementor-widget elementor-widget-image\" data-id=\"92d6ddd\" data-element_type=\"widget\" data-widget_type=\"image.default\">\n\t\t\t\t<div class=\"elementor-widget-container\">\n\t\t\t\t\t\t\t\t\t\t\t\t<figure class=\"wp-caption\">\n\t\t\t\t\t\t\t\t\t\t<img decoding=\"async\" width=\"800\" height=\"600\" src=\"https:\/\/aura-haltero.fr\/wp-content\/uploads\/2025\/11\/izerable1-2-1024x768.jpg\" class=\"attachment-large size-large wp-image-1918\" alt=\"\" srcset=\"https:\/\/aura-haltero.fr\/wp-content\/uploads\/2025\/11\/izerable1-2-1024x768.jpg 1024w, https:\/\/aura-haltero.fr\/wp-content\/uploads\/2025\/11\/izerable1-2-300x225.jpg 300w, https:\/\/aura-haltero.fr\/wp-content\/uploads\/2025\/11\/izerable1-2-768x576.jpg 768w, https:\/\/aura-haltero.fr\/wp-content\/uploads\/2025\/11\/izerable1-2-1536x1152.jpg 1536w, https:\/\/aura-haltero.fr\/wp-content\/uploads\/2025\/11\/izerable1-2.jpg 2048w\" sizes=\"(max-width: 800px) 100vw, 800px\" \/>\t\t\t\t\t\t\t\t\t\t\t<figcaption class=\"widget-image-caption wp-caption-text\">Les athl\u00e8tes de la comp\u00e9tition<\/figcaption>\n\t\t\t\t\t\t\t\t\t\t<\/figure>\n\t\t\t\t\t\t\t\t\t<\/div>\n\t\t\t\t<\/div>\n\t\t\t\t\t<\/div>\n\t\t<\/div>\n\t\t\t\t\t<\/div>\n\t\t<\/section>\n\t\t\t\t<section class=\"elementor-section elementor-top-section elementor-element elementor-element-75983eb elementor-section-boxed elementor-section-height-default elementor-section-height-default\" data-id=\"75983eb\" data-element_type=\"section\">\n\t\t\t\t\t\t<div class=\"elementor-container elementor-column-gap-default\">\n\t\t\t\t\t<div class=\"elementor-column elementor-col-100 elementor-top-column elementor-element elementor-element-9164053\" data-id=\"9164053\" data-element_type=\"column\">\n\t\t\t<div class=\"elementor-widget-wrap elementor-element-populated\">\n\t\t\t\t\t\t<div class=\"elementor-element elementor-element-510d716 elementor-widget elementor-widget-image\" data-id=\"510d716\" data-element_type=\"widget\" data-widget_type=\"image.default\">\n\t\t\t\t<div class=\"elementor-widget-container\">\n\t\t\t\t\t\t\t\t\t\t\t\t<figure class=\"wp-caption\">\n\t\t\t\t\t\t\t\t\t\t<img decoding=\"async\" width=\"800\" height=\"534\" src=\"https:\/\/aura-haltero.fr\/wp-content\/uploads\/2025\/11\/IMG_6361-1024x683.jpg\" class=\"attachment-large size-large wp-image-1925\" alt=\"\" srcset=\"https:\/\/aura-haltero.fr\/wp-content\/uploads\/2025\/11\/IMG_6361-1024x683.jpg 1024w, https:\/\/aura-haltero.fr\/wp-content\/uploads\/2025\/11\/IMG_6361-300x200.jpg 300w, https:\/\/aura-haltero.fr\/wp-content\/uploads\/2025\/11\/IMG_6361-768x512.jpg 768w, https:\/\/aura-haltero.fr\/wp-content\/uploads\/2025\/11\/IMG_6361-1536x1024.jpg 1536w, https:\/\/aura-haltero.fr\/wp-content\/uploads\/2025\/11\/IMG_6361.jpg 1731w\" sizes=\"(max-width: 800px) 100vw, 800px\" \/>\t\t\t\t\t\t\t\t\t\t\t<figcaption class=\"widget-image-caption wp-caption-text\">Les b\u00e9n\u00e9voles du HRP qui ont contribu\u00e9s au succ\u00e8s de cette comp\u00e9tition !<\/figcaption>\n\t\t\t\t\t\t\t\t\t\t<\/figure>\n\t\t\t\t\t\t\t\t\t<\/div>\n\t\t\t\t<\/div>\n\t\t\t\t\t<\/div>\n\t\t<\/div>\n\t\t\t\t\t<\/div>\n\t\t<\/section>\n\t\t\t\t<\/div>\n\t\t","protected":false},"excerpt":{"rendered":"<p>\u00a0Deux comp\u00e9titions ont \u00e9t\u00e9 organis\u00e9es dans la ligue ce week-end situ\u00e9es sur 2 implantations. A Tournus \u00e9tait organis\u00e9 un challenge avenir pour le comit\u00e9 de l&rsquo;Ain avec la participation e 11 athl\u00e8tes issus du club local ainsi que de Viriat, Oyonnax et de Anse. 6 athl\u00e8tes concourraient en U13 avec d\u00e9j\u00e0 beaucoup de performances au [&hellip;]<\/p>\n","protected":false},"author":3,"featured_media":1918,"comment_status":"open","ping_status":"open","sticky":false,"template":"","format":"standard","meta":{"_jetpack_memberships_contains_paid_content":false,"footnotes":""},"categories":[12,13],"tags":[],"class_list":["post-1913","post","type-post","status-publish","format-standard","has-post-thumbnail","hentry","category-actualites","category-resultats"],"yoast_head":"<!-- This site is optimized with the Yoast SEO plugin v27.5 - https:\/\/yoast.com\/product\/yoast-seo-wordpress\/ -->\n<title>Comp\u00e9titions du Week-end du 01\/11 - Challenges Avenir et Troph\u00e9e Izerable - LAURAHM<\/title>\n<meta name=\"robots\" content=\"index, follow, max-snippet:-1, max-image-preview:large, max-video-preview:-1\" \/>\n<link rel=\"canonical\" href=\"https:\/\/aura-haltero.fr\/index.php\/2025\/11\/03\/competitions-du-week-end-du-03-11\/\" \/>\n<meta property=\"og:locale\" content=\"fr_FR\" \/>\n<meta property=\"og:type\" content=\"article\" \/>\n<meta property=\"og:title\" content=\"Comp\u00e9titions du Week-end du 01\/11 - Challenges Avenir et Troph\u00e9e Izerable - LAURAHM\" \/>\n<meta property=\"og:description\" content=\"\u00a0Deux comp\u00e9titions ont \u00e9t\u00e9 organis\u00e9es dans la ligue ce week-end situ\u00e9es sur 2 implantations. A Tournus \u00e9tait organis\u00e9 un challenge avenir pour le comit\u00e9 de l&rsquo;Ain avec la participation e 11 athl\u00e8tes issus du club local ainsi que de Viriat, Oyonnax et de Anse. 6 athl\u00e8tes concourraient en U13 avec d\u00e9j\u00e0 beaucoup de performances au [&hellip;]\" \/>\n<meta property=\"og:url\" content=\"https:\/\/aura-haltero.fr\/index.php\/2025\/11\/03\/competitions-du-week-end-du-03-11\/\" \/>\n<meta property=\"og:site_name\" content=\"LAURAHM\" \/>\n<meta property=\"article:publisher\" content=\"https:\/\/www.facebook.com\/LigueAURAHM\" \/>\n<meta property=\"article:published_time\" content=\"2025-11-03T12:40:15+00:00\" \/>\n<meta property=\"article:modified_time\" content=\"2025-11-14T10:30:44+00:00\" \/>\n<meta property=\"og:image\" content=\"https:\/\/aura-haltero.fr\/wp-content\/uploads\/2025\/11\/izerable1-2.jpg\" \/>\n\t<meta property=\"og:image:width\" content=\"2048\" \/>\n\t<meta property=\"og:image:height\" content=\"1536\" \/>\n\t<meta property=\"og:image:type\" content=\"image\/jpeg\" \/>\n<meta name=\"author\" content=\"Joris DAWID\" \/>\n<meta name=\"twitter:card\" content=\"summary_large_image\" \/>\n<meta name=\"twitter:label1\" content=\"\u00c9crit par\" \/>\n\t<meta name=\"twitter:data1\" content=\"Joris DAWID\" \/>\n\t<meta name=\"twitter:label2\" content=\"Dur\u00e9e de lecture estim\u00e9e\" \/>\n\t<meta name=\"twitter:data2\" content=\"4 minutes\" \/>\n<script type=\"application\/ld+json\" class=\"yoast-schema-graph\">{\"@context\":\"https:\\\/\\\/schema.org\",\"@graph\":[{\"@type\":\"Article\",\"@id\":\"https:\\\/\\\/aura-haltero.fr\\\/index.php\\\/2025\\\/11\\\/03\\\/competitions-du-week-end-du-03-11\\\/#article\",\"isPartOf\":{\"@id\":\"https:\\\/\\\/aura-haltero.fr\\\/index.php\\\/2025\\\/11\\\/03\\\/competitions-du-week-end-du-03-11\\\/\"},\"author\":{\"name\":\"Joris DAWID\",\"@id\":\"https:\\\/\\\/aura-haltero.fr\\\/#\\\/schema\\\/person\\\/462f3a32a29a22ee83722e516e19af5f\"},\"headline\":\"Comp\u00e9titions du Week-end du 01\\\/11 &#8211; Challenges Avenir et Troph\u00e9e Izerable\",\"datePublished\":\"2025-11-03T12:40:15+00:00\",\"dateModified\":\"2025-11-14T10:30:44+00:00\",\"mainEntityOfPage\":{\"@id\":\"https:\\\/\\\/aura-haltero.fr\\\/index.php\\\/2025\\\/11\\\/03\\\/competitions-du-week-end-du-03-11\\\/\"},\"wordCount\":587,\"commentCount\":0,\"publisher\":{\"@id\":\"https:\\\/\\\/aura-haltero.fr\\\/#organization\"},\"image\":{\"@id\":\"https:\\\/\\\/aura-haltero.fr\\\/index.php\\\/2025\\\/11\\\/03\\\/competitions-du-week-end-du-03-11\\\/#primaryimage\"},\"thumbnailUrl\":\"https:\\\/\\\/aura-haltero.fr\\\/wp-content\\\/uploads\\\/2025\\\/11\\\/izerable1-2.jpg\",\"articleSection\":[\"Actualit\u00e9s\",\"R\u00e9sultats\"],\"inLanguage\":\"fr-FR\",\"potentialAction\":[{\"@type\":\"CommentAction\",\"name\":\"Comment\",\"target\":[\"https:\\\/\\\/aura-haltero.fr\\\/index.php\\\/2025\\\/11\\\/03\\\/competitions-du-week-end-du-03-11\\\/#respond\"]}]},{\"@type\":\"WebPage\",\"@id\":\"https:\\\/\\\/aura-haltero.fr\\\/index.php\\\/2025\\\/11\\\/03\\\/competitions-du-week-end-du-03-11\\\/\",\"url\":\"https:\\\/\\\/aura-haltero.fr\\\/index.php\\\/2025\\\/11\\\/03\\\/competitions-du-week-end-du-03-11\\\/\",\"name\":\"Comp\u00e9titions du Week-end du 01\\\/11 - Challenges Avenir et Troph\u00e9e Izerable - LAURAHM\",\"isPartOf\":{\"@id\":\"https:\\\/\\\/aura-haltero.fr\\\/#website\"},\"primaryImageOfPage\":{\"@id\":\"https:\\\/\\\/aura-haltero.fr\\\/index.php\\\/2025\\\/11\\\/03\\\/competitions-du-week-end-du-03-11\\\/#primaryimage\"},\"image\":{\"@id\":\"https:\\\/\\\/aura-haltero.fr\\\/index.php\\\/2025\\\/11\\\/03\\\/competitions-du-week-end-du-03-11\\\/#primaryimage\"},\"thumbnailUrl\":\"https:\\\/\\\/aura-haltero.fr\\\/wp-content\\\/uploads\\\/2025\\\/11\\\/izerable1-2.jpg\",\"datePublished\":\"2025-11-03T12:40:15+00:00\",\"dateModified\":\"2025-11-14T10:30:44+00:00\",\"breadcrumb\":{\"@id\":\"https:\\\/\\\/aura-haltero.fr\\\/index.php\\\/2025\\\/11\\\/03\\\/competitions-du-week-end-du-03-11\\\/#breadcrumb\"},\"inLanguage\":\"fr-FR\",\"potentialAction\":[{\"@type\":\"ReadAction\",\"target\":[\"https:\\\/\\\/aura-haltero.fr\\\/index.php\\\/2025\\\/11\\\/03\\\/competitions-du-week-end-du-03-11\\\/\"]}]},{\"@type\":\"ImageObject\",\"inLanguage\":\"fr-FR\",\"@id\":\"https:\\\/\\\/aura-haltero.fr\\\/index.php\\\/2025\\\/11\\\/03\\\/competitions-du-week-end-du-03-11\\\/#primaryimage\",\"url\":\"https:\\\/\\\/aura-haltero.fr\\\/wp-content\\\/uploads\\\/2025\\\/11\\\/izerable1-2.jpg\",\"contentUrl\":\"https:\\\/\\\/aura-haltero.fr\\\/wp-content\\\/uploads\\\/2025\\\/11\\\/izerable1-2.jpg\",\"width\":2048,\"height\":1536},{\"@type\":\"BreadcrumbList\",\"@id\":\"https:\\\/\\\/aura-haltero.fr\\\/index.php\\\/2025\\\/11\\\/03\\\/competitions-du-week-end-du-03-11\\\/#breadcrumb\",\"itemListElement\":[{\"@type\":\"ListItem\",\"position\":1,\"name\":\"Accueil\",\"item\":\"https:\\\/\\\/aura-haltero.fr\\\/\"},{\"@type\":\"ListItem\",\"position\":2,\"name\":\"Comp\u00e9titions du Week-end du 01\\\/11 &#8211; Challenges Avenir et Troph\u00e9e Izerable\"}]},{\"@type\":\"WebSite\",\"@id\":\"https:\\\/\\\/aura-haltero.fr\\\/#website\",\"url\":\"https:\\\/\\\/aura-haltero.fr\\\/\",\"name\":\"LAURAHM\",\"description\":\"Ligue AURA Halt\u00e9rophilie-Musculation\",\"publisher\":{\"@id\":\"https:\\\/\\\/aura-haltero.fr\\\/#organization\"},\"potentialAction\":[{\"@type\":\"SearchAction\",\"target\":{\"@type\":\"EntryPoint\",\"urlTemplate\":\"https:\\\/\\\/aura-haltero.fr\\\/?s={search_term_string}\"},\"query-input\":{\"@type\":\"PropertyValueSpecification\",\"valueRequired\":true,\"valueName\":\"search_term_string\"}}],\"inLanguage\":\"fr-FR\"},{\"@type\":\"Organization\",\"@id\":\"https:\\\/\\\/aura-haltero.fr\\\/#organization\",\"name\":\"Ligue Auvergne Rh\u00f4ne Alpes d'Halt\u00e9rophilie-Musculation\",\"url\":\"https:\\\/\\\/aura-haltero.fr\\\/\",\"logo\":{\"@type\":\"ImageObject\",\"inLanguage\":\"fr-FR\",\"@id\":\"https:\\\/\\\/aura-haltero.fr\\\/#\\\/schema\\\/logo\\\/image\\\/\",\"url\":\"https:\\\/\\\/aura-haltero.fr\\\/wp-content\\\/uploads\\\/2023\\\/07\\\/Nouveau-logo-ligue-2.png\",\"contentUrl\":\"https:\\\/\\\/aura-haltero.fr\\\/wp-content\\\/uploads\\\/2023\\\/07\\\/Nouveau-logo-ligue-2.png\",\"width\":1399,\"height\":1398,\"caption\":\"Ligue Auvergne Rh\u00f4ne Alpes d'Halt\u00e9rophilie-Musculation\"},\"image\":{\"@id\":\"https:\\\/\\\/aura-haltero.fr\\\/#\\\/schema\\\/logo\\\/image\\\/\"},\"sameAs\":[\"https:\\\/\\\/www.facebook.com\\\/LigueAURAHM\",\"https:\\\/\\\/www.instagram.com\\\/ligueaurahm\\\/\"]},{\"@type\":\"Person\",\"@id\":\"https:\\\/\\\/aura-haltero.fr\\\/#\\\/schema\\\/person\\\/462f3a32a29a22ee83722e516e19af5f\",\"name\":\"Joris DAWID\",\"image\":{\"@type\":\"ImageObject\",\"inLanguage\":\"fr-FR\",\"@id\":\"https:\\\/\\\/secure.gravatar.com\\\/avatar\\\/7a3306bb412092e975a7f1570bf6576eb75699b7510ea7ffdd93a2eaa193a8ae?s=96&d=mm&r=g\",\"url\":\"https:\\\/\\\/secure.gravatar.com\\\/avatar\\\/7a3306bb412092e975a7f1570bf6576eb75699b7510ea7ffdd93a2eaa193a8ae?s=96&d=mm&r=g\",\"contentUrl\":\"https:\\\/\\\/secure.gravatar.com\\\/avatar\\\/7a3306bb412092e975a7f1570bf6576eb75699b7510ea7ffdd93a2eaa193a8ae?s=96&d=mm&r=g\",\"caption\":\"Joris DAWID\"},\"url\":\"https:\\\/\\\/aura-haltero.fr\\\/index.php\\\/author\\\/joris-dawid\\\/\"}]}<\/script>\n<!-- \/ Yoast SEO plugin. -->","yoast_head_json":{"title":"Comp\u00e9titions du Week-end du 01\/11 - Challenges Avenir et Troph\u00e9e Izerable - LAURAHM","robots":{"index":"index","follow":"follow","max-snippet":"max-snippet:-1","max-image-preview":"max-image-preview:large","max-video-preview":"max-video-preview:-1"},"canonical":"https:\/\/aura-haltero.fr\/index.php\/2025\/11\/03\/competitions-du-week-end-du-03-11\/","og_locale":"fr_FR","og_type":"article","og_title":"Comp\u00e9titions du Week-end du 01\/11 - Challenges Avenir et Troph\u00e9e Izerable - LAURAHM","og_description":"\u00a0Deux comp\u00e9titions ont \u00e9t\u00e9 organis\u00e9es dans la ligue ce week-end situ\u00e9es sur 2 implantations. A Tournus \u00e9tait organis\u00e9 un challenge avenir pour le comit\u00e9 de l&rsquo;Ain avec la participation e 11 athl\u00e8tes issus du club local ainsi que de Viriat, Oyonnax et de Anse. 6 athl\u00e8tes concourraient en U13 avec d\u00e9j\u00e0 beaucoup de performances au [&hellip;]","og_url":"https:\/\/aura-haltero.fr\/index.php\/2025\/11\/03\/competitions-du-week-end-du-03-11\/","og_site_name":"LAURAHM","article_publisher":"https:\/\/www.facebook.com\/LigueAURAHM","article_published_time":"2025-11-03T12:40:15+00:00","article_modified_time":"2025-11-14T10:30:44+00:00","og_image":[{"width":2048,"height":1536,"url":"https:\/\/aura-haltero.fr\/wp-content\/uploads\/2025\/11\/izerable1-2.jpg","type":"image\/jpeg"}],"author":"Joris DAWID","twitter_card":"summary_large_image","twitter_misc":{"\u00c9crit par":"Joris DAWID","Dur\u00e9e de lecture estim\u00e9e":"4 minutes"},"schema":{"@context":"https:\/\/schema.org","@graph":[{"@type":"Article","@id":"https:\/\/aura-haltero.fr\/index.php\/2025\/11\/03\/competitions-du-week-end-du-03-11\/#article","isPartOf":{"@id":"https:\/\/aura-haltero.fr\/index.php\/2025\/11\/03\/competitions-du-week-end-du-03-11\/"},"author":{"name":"Joris DAWID","@id":"https:\/\/aura-haltero.fr\/#\/schema\/person\/462f3a32a29a22ee83722e516e19af5f"},"headline":"Comp\u00e9titions du Week-end du 01\/11 &#8211; Challenges Avenir et Troph\u00e9e Izerable","datePublished":"2025-11-03T12:40:15+00:00","dateModified":"2025-11-14T10:30:44+00:00","mainEntityOfPage":{"@id":"https:\/\/aura-haltero.fr\/index.php\/2025\/11\/03\/competitions-du-week-end-du-03-11\/"},"wordCount":587,"commentCount":0,"publisher":{"@id":"https:\/\/aura-haltero.fr\/#organization"},"image":{"@id":"https:\/\/aura-haltero.fr\/index.php\/2025\/11\/03\/competitions-du-week-end-du-03-11\/#primaryimage"},"thumbnailUrl":"https:\/\/aura-haltero.fr\/wp-content\/uploads\/2025\/11\/izerable1-2.jpg","articleSection":["Actualit\u00e9s","R\u00e9sultats"],"inLanguage":"fr-FR","potentialAction":[{"@type":"CommentAction","name":"Comment","target":["https:\/\/aura-haltero.fr\/index.php\/2025\/11\/03\/competitions-du-week-end-du-03-11\/#respond"]}]},{"@type":"WebPage","@id":"https:\/\/aura-haltero.fr\/index.php\/2025\/11\/03\/competitions-du-week-end-du-03-11\/","url":"https:\/\/aura-haltero.fr\/index.php\/2025\/11\/03\/competitions-du-week-end-du-03-11\/","name":"Comp\u00e9titions du Week-end du 01\/11 - Challenges Avenir et Troph\u00e9e Izerable - LAURAHM","isPartOf":{"@id":"https:\/\/aura-haltero.fr\/#website"},"primaryImageOfPage":{"@id":"https:\/\/aura-haltero.fr\/index.php\/2025\/11\/03\/competitions-du-week-end-du-03-11\/#primaryimage"},"image":{"@id":"https:\/\/aura-haltero.fr\/index.php\/2025\/11\/03\/competitions-du-week-end-du-03-11\/#primaryimage"},"thumbnailUrl":"https:\/\/aura-haltero.fr\/wp-content\/uploads\/2025\/11\/izerable1-2.jpg","datePublished":"2025-11-03T12:40:15+00:00","dateModified":"2025-11-14T10:30:44+00:00","breadcrumb":{"@id":"https:\/\/aura-haltero.fr\/index.php\/2025\/11\/03\/competitions-du-week-end-du-03-11\/#breadcrumb"},"inLanguage":"fr-FR","potentialAction":[{"@type":"ReadAction","target":["https:\/\/aura-haltero.fr\/index.php\/2025\/11\/03\/competitions-du-week-end-du-03-11\/"]}]},{"@type":"ImageObject","inLanguage":"fr-FR","@id":"https:\/\/aura-haltero.fr\/index.php\/2025\/11\/03\/competitions-du-week-end-du-03-11\/#primaryimage","url":"https:\/\/aura-haltero.fr\/wp-content\/uploads\/2025\/11\/izerable1-2.jpg","contentUrl":"https:\/\/aura-haltero.fr\/wp-content\/uploads\/2025\/11\/izerable1-2.jpg","width":2048,"height":1536},{"@type":"BreadcrumbList","@id":"https:\/\/aura-haltero.fr\/index.php\/2025\/11\/03\/competitions-du-week-end-du-03-11\/#breadcrumb","itemListElement":[{"@type":"ListItem","position":1,"name":"Accueil","item":"https:\/\/aura-haltero.fr\/"},{"@type":"ListItem","position":2,"name":"Comp\u00e9titions du Week-end du 01\/11 &#8211; Challenges Avenir et Troph\u00e9e Izerable"}]},{"@type":"WebSite","@id":"https:\/\/aura-haltero.fr\/#website","url":"https:\/\/aura-haltero.fr\/","name":"LAURAHM","description":"Ligue AURA Halt\u00e9rophilie-Musculation","publisher":{"@id":"https:\/\/aura-haltero.fr\/#organization"},"potentialAction":[{"@type":"SearchAction","target":{"@type":"EntryPoint","urlTemplate":"https:\/\/aura-haltero.fr\/?s={search_term_string}"},"query-input":{"@type":"PropertyValueSpecification","valueRequired":true,"valueName":"search_term_string"}}],"inLanguage":"fr-FR"},{"@type":"Organization","@id":"https:\/\/aura-haltero.fr\/#organization","name":"Ligue Auvergne Rh\u00f4ne Alpes d'Halt\u00e9rophilie-Musculation","url":"https:\/\/aura-haltero.fr\/","logo":{"@type":"ImageObject","inLanguage":"fr-FR","@id":"https:\/\/aura-haltero.fr\/#\/schema\/logo\/image\/","url":"https:\/\/aura-haltero.fr\/wp-content\/uploads\/2023\/07\/Nouveau-logo-ligue-2.png","contentUrl":"https:\/\/aura-haltero.fr\/wp-content\/uploads\/2023\/07\/Nouveau-logo-ligue-2.png","width":1399,"height":1398,"caption":"Ligue Auvergne Rh\u00f4ne Alpes d'Halt\u00e9rophilie-Musculation"},"image":{"@id":"https:\/\/aura-haltero.fr\/#\/schema\/logo\/image\/"},"sameAs":["https:\/\/www.facebook.com\/LigueAURAHM","https:\/\/www.instagram.com\/ligueaurahm\/"]},{"@type":"Person","@id":"https:\/\/aura-haltero.fr\/#\/schema\/person\/462f3a32a29a22ee83722e516e19af5f","name":"Joris DAWID","image":{"@type":"ImageObject","inLanguage":"fr-FR","@id":"https:\/\/secure.gravatar.com\/avatar\/7a3306bb412092e975a7f1570bf6576eb75699b7510ea7ffdd93a2eaa193a8ae?s=96&d=mm&r=g","url":"https:\/\/secure.gravatar.com\/avatar\/7a3306bb412092e975a7f1570bf6576eb75699b7510ea7ffdd93a2eaa193a8ae?s=96&d=mm&r=g","contentUrl":"https:\/\/secure.gravatar.com\/avatar\/7a3306bb412092e975a7f1570bf6576eb75699b7510ea7ffdd93a2eaa193a8ae?s=96&d=mm&r=g","caption":"Joris DAWID"},"url":"https:\/\/aura-haltero.fr\/index.php\/author\/joris-dawid\/"}]}},"jetpack_featured_media_url":"https:\/\/aura-haltero.fr\/wp-content\/uploads\/2025\/11\/izerable1-2.jpg","jetpack_sharing_enabled":true,"_links":{"self":[{"href":"https:\/\/aura-haltero.fr\/index.php\/wp-json\/wp\/v2\/posts\/1913","targetHints":{"allow":["GET"]}}],"collection":[{"href":"https:\/\/aura-haltero.fr\/index.php\/wp-json\/wp\/v2\/posts"}],"about":[{"href":"https:\/\/aura-haltero.fr\/index.php\/wp-json\/wp\/v2\/types\/post"}],"author":[{"embeddable":true,"href":"https:\/\/aura-haltero.fr\/index.php\/wp-json\/wp\/v2\/users\/3"}],"replies":[{"embeddable":true,"href":"https:\/\/aura-haltero.fr\/index.php\/wp-json\/wp\/v2\/comments?post=1913"}],"version-history":[{"count":9,"href":"https:\/\/aura-haltero.fr\/index.php\/wp-json\/wp\/v2\/posts\/1913\/revisions"}],"predecessor-version":[{"id":1929,"href":"https:\/\/aura-haltero.fr\/index.php\/wp-json\/wp\/v2\/posts\/1913\/revisions\/1929"}],"wp:featuredmedia":[{"embeddable":true,"href":"https:\/\/aura-haltero.fr\/index.php\/wp-json\/wp\/v2\/media\/1918"}],"wp:attachment":[{"href":"https:\/\/aura-haltero.fr\/index.php\/wp-json\/wp\/v2\/media?parent=1913"}],"wp:term":[{"taxonomy":"category","embeddable":true,"href":"https:\/\/aura-haltero.fr\/index.php\/wp-json\/wp\/v2\/categories?post=1913"},{"taxonomy":"post_tag","embeddable":true,"href":"https:\/\/aura-haltero.fr\/index.php\/wp-json\/wp\/v2\/tags?post=1913"}],"curies":[{"name":"wp","href":"https:\/\/api.w.org\/{rel}","templated":true}]}}