{"id":1825,"date":"2025-10-13T01:15:23","date_gmt":"2025-10-12T23:15:23","guid":{"rendered":"https:\/\/aura-haltero.fr\/?p=1825"},"modified":"2025-11-14T11:31:28","modified_gmt":"2025-11-14T10:31:28","slug":"competitions-du-week-end-coupe-de-la-gauloise-de-vaise","status":"publish","type":"post","link":"https:\/\/aura-haltero.fr\/index.php\/2025\/10\/13\/competitions-du-week-end-coupe-de-la-gauloise-de-vaise\/","title":{"rendered":"Comp\u00e9titions du Week-End du 11\/10 &#8211; Coupe de la Gauloise de Vaise"},"content":{"rendered":"\t\t<div data-elementor-type=\"wp-post\" data-elementor-id=\"1825\" class=\"elementor elementor-1825\" data-elementor-post-type=\"post\">\n\t\t\t\t\t\t<section class=\"elementor-section elementor-top-section elementor-element elementor-element-4f7b8ba1 elementor-section-boxed elementor-section-height-default elementor-section-height-default\" data-id=\"4f7b8ba1\" data-element_type=\"section\">\n\t\t\t\t\t\t<div class=\"elementor-container elementor-column-gap-default\">\n\t\t\t\t\t<div class=\"elementor-column elementor-col-100 elementor-top-column elementor-element elementor-element-5e5e33a7\" data-id=\"5e5e33a7\" data-element_type=\"column\">\n\t\t\t<div class=\"elementor-widget-wrap elementor-element-populated\">\n\t\t\t\t\t\t<div class=\"elementor-element elementor-element-48f4b8ca elementor-widget elementor-widget-text-editor\" data-id=\"48f4b8ca\" data-element_type=\"widget\" data-widget_type=\"text-editor.default\">\n\t\t\t\t<div class=\"elementor-widget-container\">\n\t\t\t\t\t\t\t\t\t<p>Reprise des comp\u00e9titions dans le Rh\u00f4ne avec la coupe de la Gauloise de Vaise pour les Interregionaux et + et en m\u00eame temps le challenge avenir d&rsquo;Automne du d\u00e9partement pour les athl\u00e8tes r\u00e9gionaux et -.<\/p>\n<p>Chez les hommes, Junior KENGNE LONGIN du CH Ansois obtient le meilleur score et se classe \u00ab\u00a0Honneur\u00a0\u00bb devant Rodrigue CALLE d&rsquo;Elite Barbell Vaulx-en-Velin et Merlin SENECLAUZE de la Gauloise de Vaise.<\/p>\n<p>Chez les femmes, Elena AIGLE d&rsquo;Elite Barbell remporte la coupe de la Gauloise de Vaise en d\u00e9passant les minima nationaux devant Hannah GIRON du m\u00eame club et Mauranne CHIHI qui remporte le challenge avenir.<\/p>\n<p>Bravo \u00e0 la Gauloise de Vaise pour l&rsquo;organisation de cette comp\u00e9tition et \u00e0 tous les athl\u00e8tes.<\/p>\n<p>R\u00e9sultats hommes :\u00a0<a href=\"https:\/\/scoresheet.ffhaltero.fr\/scoresheet\/competition\/view\/11757\" target=\"_blank\" rel=\"noopener\">Coupe<\/a>\u00a0<a href=\"https:\/\/scoresheet.ffhaltero.fr\/scoresheet\/competition\/view\/11755\" target=\"_blank\" rel=\"noopener\">Challenge<\/a><\/p>\n<p>R\u00e9sultats femmes :\u00a0<a href=\"https:\/\/scoresheet.ffhaltero.fr\/scoresheet\/competition\/view\/11758\" target=\"_blank\" rel=\"noopener\">Coupe<\/a>\u00a0<a href=\"https:\/\/scoresheet.ffhaltero.fr\/scoresheet\/competition\/view\/11756\" target=\"_blank\" rel=\"noopener\">Challenge<\/a>\u00a0<\/p>\n<p><!-- \/wp:paragraph --><!-- wp:paragraph --><\/p>\n<p><!-- \/wp:paragraph --><\/p>\t\t\t\t\t\t\t\t<\/div>\n\t\t\t\t<\/div>\n\t\t\t\t\t<\/div>\n\t\t<\/div>\n\t\t\t\t\t<\/div>\n\t\t<\/section>\n\t\t\t\t<section class=\"elementor-section elementor-top-section elementor-element elementor-element-74fb08c elementor-section-boxed elementor-section-height-default elementor-section-height-default\" data-id=\"74fb08c\" data-element_type=\"section\">\n\t\t\t\t\t\t<div class=\"elementor-container elementor-column-gap-default\">\n\t\t\t\t\t<div class=\"elementor-column elementor-col-100 elementor-top-column elementor-element elementor-element-93d6bec\" data-id=\"93d6bec\" data-element_type=\"column\">\n\t\t\t<div class=\"elementor-widget-wrap elementor-element-populated\">\n\t\t\t\t\t\t<div class=\"elementor-element elementor-element-c6d3f25 elementor-arrows-position-inside elementor-pagination-position-outside elementor-widget elementor-widget-image-carousel\" data-id=\"c6d3f25\" data-element_type=\"widget\" data-settings=\"{&quot;navigation&quot;:&quot;both&quot;,&quot;autoplay&quot;:&quot;yes&quot;,&quot;pause_on_hover&quot;:&quot;yes&quot;,&quot;pause_on_interaction&quot;:&quot;yes&quot;,&quot;autoplay_speed&quot;:5000,&quot;infinite&quot;:&quot;yes&quot;,&quot;speed&quot;:500}\" data-widget_type=\"image-carousel.default\">\n\t\t\t\t<div class=\"elementor-widget-container\">\n\t\t\t\t\t\t\t<div class=\"elementor-image-carousel-wrapper swiper\" role=\"region\" aria-roledescription=\"carousel\" aria-label=\"Carrousel d\u2019images\" dir=\"ltr\">\n\t\t\t<div class=\"elementor-image-carousel swiper-wrapper\" aria-live=\"off\">\n\t\t\t\t\t\t\t\t<div class=\"swiper-slide\" role=\"group\" aria-roledescription=\"slide\" aria-label=\"1 sur 5\"><figure class=\"swiper-slide-inner\"><img decoding=\"async\" class=\"swiper-slide-image\" src=\"https:\/\/aura-haltero.fr\/wp-content\/uploads\/2025\/10\/coupe-gdv-2025_10_11-1-225x300.jpg\" alt=\"Plateau Femmes\" \/><figcaption class=\"elementor-image-carousel-caption\">Plateau Femmes<\/figcaption><\/figure><\/div><div class=\"swiper-slide\" role=\"group\" aria-roledescription=\"slide\" aria-label=\"2 sur 5\"><figure class=\"swiper-slide-inner\"><img decoding=\"async\" class=\"swiper-slide-image\" src=\"https:\/\/aura-haltero.fr\/wp-content\/uploads\/2025\/10\/coupe-gdv-2025_10_11-5-225x300.jpg\" alt=\"Plateau Hommes\" \/><figcaption class=\"elementor-image-carousel-caption\">Plateau Hommes<\/figcaption><\/figure><\/div><div class=\"swiper-slide\" role=\"group\" aria-roledescription=\"slide\" aria-label=\"3 sur 5\"><figure class=\"swiper-slide-inner\"><img decoding=\"async\" class=\"swiper-slide-image\" src=\"https:\/\/aura-haltero.fr\/wp-content\/uploads\/2025\/10\/coupe-gdv-2025_10_11-4-225x300.jpg\" alt=\"Challenge Hommes\" \/><figcaption class=\"elementor-image-carousel-caption\">Challenge Hommes<\/figcaption><\/figure><\/div><div class=\"swiper-slide\" role=\"group\" aria-roledescription=\"slide\" aria-label=\"4 sur 5\"><figure class=\"swiper-slide-inner\"><img decoding=\"async\" class=\"swiper-slide-image\" src=\"https:\/\/aura-haltero.fr\/wp-content\/uploads\/2025\/10\/coupe-gdv-2025_10_11-3-225x300.jpg\" alt=\"Challenge Femme\" \/><figcaption class=\"elementor-image-carousel-caption\">Challenge Femme<\/figcaption><\/figure><\/div><div class=\"swiper-slide\" role=\"group\" aria-roledescription=\"slide\" aria-label=\"5 sur 5\"><figure class=\"swiper-slide-inner\"><img decoding=\"async\" class=\"swiper-slide-image\" src=\"https:\/\/aura-haltero.fr\/wp-content\/uploads\/2025\/10\/coupe-gdv-2025_10_11-2-225x300.jpg\" alt=\"Coupe de la Gauloise F\" \/><figcaption class=\"elementor-image-carousel-caption\">Coupe de la Gauloise F<\/figcaption><\/figure><\/div>\t\t\t<\/div>\n\t\t\t\t\t\t\t\t\t\t\t\t<div class=\"elementor-swiper-button elementor-swiper-button-prev\" role=\"button\" tabindex=\"0\">\n\t\t\t\t\t\t<i aria-hidden=\"true\" class=\"eicon-chevron-left\"><\/i>\t\t\t\t\t<\/div>\n\t\t\t\t\t<div class=\"elementor-swiper-button elementor-swiper-button-next\" role=\"button\" tabindex=\"0\">\n\t\t\t\t\t\t<i aria-hidden=\"true\" class=\"eicon-chevron-right\"><\/i>\t\t\t\t\t<\/div>\n\t\t\t\t\n\t\t\t\t\t\t\t\t\t<div class=\"swiper-pagination\"><\/div>\n\t\t\t\t\t\t\t\t\t<\/div>\n\t\t\t\t\t\t<\/div>\n\t\t\t\t<\/div>\n\t\t\t\t<div class=\"elementor-element elementor-element-1757fcb elementor-widget elementor-widget-text-editor\" data-id=\"1757fcb\" data-element_type=\"widget\" data-widget_type=\"text-editor.default\">\n\t\t\t\t<div class=\"elementor-widget-container\">\n\t\t\t\t\t\t\t\t\t<p>Cr\u00e9dit photos @Joy Lambert<\/p>\t\t\t\t\t\t\t\t<\/div>\n\t\t\t\t<\/div>\n\t\t\t\t\t<\/div>\n\t\t<\/div>\n\t\t\t\t\t<\/div>\n\t\t<\/section>\n\t\t\t\t<\/div>\n\t\t","protected":false},"excerpt":{"rendered":"<p>Reprise des comp\u00e9titions dans le Rh\u00f4ne avec la coupe de la Gauloise de Vaise pour les Interregionaux et + et en m\u00eame temps le challenge avenir d&rsquo;Automne du d\u00e9partement pour les athl\u00e8tes r\u00e9gionaux et -. Chez les hommes, Junior KENGNE LONGIN du CH Ansois obtient le meilleur score et se classe \u00ab\u00a0Honneur\u00a0\u00bb devant Rodrigue CALLE [&hellip;]<\/p>\n","protected":false},"author":3,"featured_media":1830,"comment_status":"open","ping_status":"open","sticky":false,"template":"","format":"standard","meta":{"_jetpack_memberships_contains_paid_content":false,"footnotes":""},"categories":[12,13],"tags":[],"class_list":["post-1825","post","type-post","status-publish","format-standard","has-post-thumbnail","hentry","category-actualites","category-resultats"],"yoast_head":"<!-- This site is optimized with the Yoast SEO plugin v27.5 - https:\/\/yoast.com\/product\/yoast-seo-wordpress\/ -->\n<title>Comp\u00e9titions du Week-End du 11\/10 - Coupe de la Gauloise de Vaise - LAURAHM<\/title>\n<meta name=\"robots\" content=\"index, follow, max-snippet:-1, max-image-preview:large, max-video-preview:-1\" \/>\n<link rel=\"canonical\" href=\"https:\/\/aura-haltero.fr\/index.php\/2025\/10\/13\/competitions-du-week-end-coupe-de-la-gauloise-de-vaise\/\" \/>\n<meta property=\"og:locale\" content=\"fr_FR\" \/>\n<meta property=\"og:type\" content=\"article\" \/>\n<meta property=\"og:title\" content=\"Comp\u00e9titions du Week-End du 11\/10 - Coupe de la Gauloise de Vaise - LAURAHM\" \/>\n<meta property=\"og:description\" content=\"Reprise des comp\u00e9titions dans le Rh\u00f4ne avec la coupe de la Gauloise de Vaise pour les Interregionaux et + et en m\u00eame temps le challenge avenir d&rsquo;Automne du d\u00e9partement pour les athl\u00e8tes r\u00e9gionaux et -. Chez les hommes, Junior KENGNE LONGIN du CH Ansois obtient le meilleur score et se classe \u00ab\u00a0Honneur\u00a0\u00bb devant Rodrigue CALLE [&hellip;]\" \/>\n<meta property=\"og:url\" content=\"https:\/\/aura-haltero.fr\/index.php\/2025\/10\/13\/competitions-du-week-end-coupe-de-la-gauloise-de-vaise\/\" \/>\n<meta property=\"og:site_name\" content=\"LAURAHM\" \/>\n<meta property=\"article:publisher\" content=\"https:\/\/www.facebook.com\/LigueAURAHM\" \/>\n<meta property=\"article:published_time\" content=\"2025-10-12T23:15:23+00:00\" \/>\n<meta property=\"article:modified_time\" content=\"2025-11-14T10:31:28+00:00\" \/>\n<meta property=\"og:image\" content=\"https:\/\/aura-haltero.fr\/wp-content\/uploads\/2025\/10\/coupe-gdv-2025_10_11-1-scaled.jpg\" \/>\n\t<meta property=\"og:image:width\" content=\"1920\" \/>\n\t<meta property=\"og:image:height\" content=\"2560\" \/>\n\t<meta property=\"og:image:type\" content=\"image\/jpeg\" \/>\n<meta name=\"author\" content=\"Joris DAWID\" \/>\n<meta name=\"twitter:card\" content=\"summary_large_image\" \/>\n<meta name=\"twitter:label1\" content=\"\u00c9crit par\" \/>\n\t<meta name=\"twitter:data1\" content=\"Joris DAWID\" \/>\n\t<meta name=\"twitter:label2\" content=\"Dur\u00e9e de lecture estim\u00e9e\" \/>\n\t<meta name=\"twitter:data2\" content=\"2 minutes\" \/>\n<script type=\"application\/ld+json\" class=\"yoast-schema-graph\">{\"@context\":\"https:\\\/\\\/schema.org\",\"@graph\":[{\"@type\":\"Article\",\"@id\":\"https:\\\/\\\/aura-haltero.fr\\\/index.php\\\/2025\\\/10\\\/13\\\/competitions-du-week-end-coupe-de-la-gauloise-de-vaise\\\/#article\",\"isPartOf\":{\"@id\":\"https:\\\/\\\/aura-haltero.fr\\\/index.php\\\/2025\\\/10\\\/13\\\/competitions-du-week-end-coupe-de-la-gauloise-de-vaise\\\/\"},\"author\":{\"name\":\"Joris DAWID\",\"@id\":\"https:\\\/\\\/aura-haltero.fr\\\/#\\\/schema\\\/person\\\/462f3a32a29a22ee83722e516e19af5f\"},\"headline\":\"Comp\u00e9titions du Week-End du 11\\\/10 &#8211; Coupe de la Gauloise de Vaise\",\"datePublished\":\"2025-10-12T23:15:23+00:00\",\"dateModified\":\"2025-11-14T10:31:28+00:00\",\"mainEntityOfPage\":{\"@id\":\"https:\\\/\\\/aura-haltero.fr\\\/index.php\\\/2025\\\/10\\\/13\\\/competitions-du-week-end-coupe-de-la-gauloise-de-vaise\\\/\"},\"wordCount\":163,\"commentCount\":0,\"publisher\":{\"@id\":\"https:\\\/\\\/aura-haltero.fr\\\/#organization\"},\"image\":{\"@id\":\"https:\\\/\\\/aura-haltero.fr\\\/index.php\\\/2025\\\/10\\\/13\\\/competitions-du-week-end-coupe-de-la-gauloise-de-vaise\\\/#primaryimage\"},\"thumbnailUrl\":\"https:\\\/\\\/aura-haltero.fr\\\/wp-content\\\/uploads\\\/2025\\\/10\\\/coupe-gdv-2025_10_11-1-scaled.jpg\",\"articleSection\":[\"Actualit\u00e9s\",\"R\u00e9sultats\"],\"inLanguage\":\"fr-FR\",\"potentialAction\":[{\"@type\":\"CommentAction\",\"name\":\"Comment\",\"target\":[\"https:\\\/\\\/aura-haltero.fr\\\/index.php\\\/2025\\\/10\\\/13\\\/competitions-du-week-end-coupe-de-la-gauloise-de-vaise\\\/#respond\"]}]},{\"@type\":\"WebPage\",\"@id\":\"https:\\\/\\\/aura-haltero.fr\\\/index.php\\\/2025\\\/10\\\/13\\\/competitions-du-week-end-coupe-de-la-gauloise-de-vaise\\\/\",\"url\":\"https:\\\/\\\/aura-haltero.fr\\\/index.php\\\/2025\\\/10\\\/13\\\/competitions-du-week-end-coupe-de-la-gauloise-de-vaise\\\/\",\"name\":\"Comp\u00e9titions du Week-End du 11\\\/10 - Coupe de la Gauloise de Vaise - LAURAHM\",\"isPartOf\":{\"@id\":\"https:\\\/\\\/aura-haltero.fr\\\/#website\"},\"primaryImageOfPage\":{\"@id\":\"https:\\\/\\\/aura-haltero.fr\\\/index.php\\\/2025\\\/10\\\/13\\\/competitions-du-week-end-coupe-de-la-gauloise-de-vaise\\\/#primaryimage\"},\"image\":{\"@id\":\"https:\\\/\\\/aura-haltero.fr\\\/index.php\\\/2025\\\/10\\\/13\\\/competitions-du-week-end-coupe-de-la-gauloise-de-vaise\\\/#primaryimage\"},\"thumbnailUrl\":\"https:\\\/\\\/aura-haltero.fr\\\/wp-content\\\/uploads\\\/2025\\\/10\\\/coupe-gdv-2025_10_11-1-scaled.jpg\",\"datePublished\":\"2025-10-12T23:15:23+00:00\",\"dateModified\":\"2025-11-14T10:31:28+00:00\",\"breadcrumb\":{\"@id\":\"https:\\\/\\\/aura-haltero.fr\\\/index.php\\\/2025\\\/10\\\/13\\\/competitions-du-week-end-coupe-de-la-gauloise-de-vaise\\\/#breadcrumb\"},\"inLanguage\":\"fr-FR\",\"potentialAction\":[{\"@type\":\"ReadAction\",\"target\":[\"https:\\\/\\\/aura-haltero.fr\\\/index.php\\\/2025\\\/10\\\/13\\\/competitions-du-week-end-coupe-de-la-gauloise-de-vaise\\\/\"]}]},{\"@type\":\"ImageObject\",\"inLanguage\":\"fr-FR\",\"@id\":\"https:\\\/\\\/aura-haltero.fr\\\/index.php\\\/2025\\\/10\\\/13\\\/competitions-du-week-end-coupe-de-la-gauloise-de-vaise\\\/#primaryimage\",\"url\":\"https:\\\/\\\/aura-haltero.fr\\\/wp-content\\\/uploads\\\/2025\\\/10\\\/coupe-gdv-2025_10_11-1-scaled.jpg\",\"contentUrl\":\"https:\\\/\\\/aura-haltero.fr\\\/wp-content\\\/uploads\\\/2025\\\/10\\\/coupe-gdv-2025_10_11-1-scaled.jpg\",\"width\":1920,\"height\":2560,\"caption\":\"Plateau Femmes\"},{\"@type\":\"BreadcrumbList\",\"@id\":\"https:\\\/\\\/aura-haltero.fr\\\/index.php\\\/2025\\\/10\\\/13\\\/competitions-du-week-end-coupe-de-la-gauloise-de-vaise\\\/#breadcrumb\",\"itemListElement\":[{\"@type\":\"ListItem\",\"position\":1,\"name\":\"Accueil\",\"item\":\"https:\\\/\\\/aura-haltero.fr\\\/\"},{\"@type\":\"ListItem\",\"position\":2,\"name\":\"Comp\u00e9titions du Week-End du 11\\\/10 &#8211; Coupe de la Gauloise de Vaise\"}]},{\"@type\":\"WebSite\",\"@id\":\"https:\\\/\\\/aura-haltero.fr\\\/#website\",\"url\":\"https:\\\/\\\/aura-haltero.fr\\\/\",\"name\":\"LAURAHM\",\"description\":\"Ligue AURA Halt\u00e9rophilie-Musculation\",\"publisher\":{\"@id\":\"https:\\\/\\\/aura-haltero.fr\\\/#organization\"},\"potentialAction\":[{\"@type\":\"SearchAction\",\"target\":{\"@type\":\"EntryPoint\",\"urlTemplate\":\"https:\\\/\\\/aura-haltero.fr\\\/?s={search_term_string}\"},\"query-input\":{\"@type\":\"PropertyValueSpecification\",\"valueRequired\":true,\"valueName\":\"search_term_string\"}}],\"inLanguage\":\"fr-FR\"},{\"@type\":\"Organization\",\"@id\":\"https:\\\/\\\/aura-haltero.fr\\\/#organization\",\"name\":\"Ligue Auvergne Rh\u00f4ne Alpes d'Halt\u00e9rophilie-Musculation\",\"url\":\"https:\\\/\\\/aura-haltero.fr\\\/\",\"logo\":{\"@type\":\"ImageObject\",\"inLanguage\":\"fr-FR\",\"@id\":\"https:\\\/\\\/aura-haltero.fr\\\/#\\\/schema\\\/logo\\\/image\\\/\",\"url\":\"https:\\\/\\\/aura-haltero.fr\\\/wp-content\\\/uploads\\\/2023\\\/07\\\/Nouveau-logo-ligue-2.png\",\"contentUrl\":\"https:\\\/\\\/aura-haltero.fr\\\/wp-content\\\/uploads\\\/2023\\\/07\\\/Nouveau-logo-ligue-2.png\",\"width\":1399,\"height\":1398,\"caption\":\"Ligue Auvergne Rh\u00f4ne Alpes d'Halt\u00e9rophilie-Musculation\"},\"image\":{\"@id\":\"https:\\\/\\\/aura-haltero.fr\\\/#\\\/schema\\\/logo\\\/image\\\/\"},\"sameAs\":[\"https:\\\/\\\/www.facebook.com\\\/LigueAURAHM\",\"https:\\\/\\\/www.instagram.com\\\/ligueaurahm\\\/\"]},{\"@type\":\"Person\",\"@id\":\"https:\\\/\\\/aura-haltero.fr\\\/#\\\/schema\\\/person\\\/462f3a32a29a22ee83722e516e19af5f\",\"name\":\"Joris DAWID\",\"image\":{\"@type\":\"ImageObject\",\"inLanguage\":\"fr-FR\",\"@id\":\"https:\\\/\\\/secure.gravatar.com\\\/avatar\\\/7a3306bb412092e975a7f1570bf6576eb75699b7510ea7ffdd93a2eaa193a8ae?s=96&d=mm&r=g\",\"url\":\"https:\\\/\\\/secure.gravatar.com\\\/avatar\\\/7a3306bb412092e975a7f1570bf6576eb75699b7510ea7ffdd93a2eaa193a8ae?s=96&d=mm&r=g\",\"contentUrl\":\"https:\\\/\\\/secure.gravatar.com\\\/avatar\\\/7a3306bb412092e975a7f1570bf6576eb75699b7510ea7ffdd93a2eaa193a8ae?s=96&d=mm&r=g\",\"caption\":\"Joris DAWID\"},\"url\":\"https:\\\/\\\/aura-haltero.fr\\\/index.php\\\/author\\\/joris-dawid\\\/\"}]}<\/script>\n<!-- \/ Yoast SEO plugin. -->","yoast_head_json":{"title":"Comp\u00e9titions du Week-End du 11\/10 - Coupe de la Gauloise de Vaise - LAURAHM","robots":{"index":"index","follow":"follow","max-snippet":"max-snippet:-1","max-image-preview":"max-image-preview:large","max-video-preview":"max-video-preview:-1"},"canonical":"https:\/\/aura-haltero.fr\/index.php\/2025\/10\/13\/competitions-du-week-end-coupe-de-la-gauloise-de-vaise\/","og_locale":"fr_FR","og_type":"article","og_title":"Comp\u00e9titions du Week-End du 11\/10 - Coupe de la Gauloise de Vaise - LAURAHM","og_description":"Reprise des comp\u00e9titions dans le Rh\u00f4ne avec la coupe de la Gauloise de Vaise pour les Interregionaux et + et en m\u00eame temps le challenge avenir d&rsquo;Automne du d\u00e9partement pour les athl\u00e8tes r\u00e9gionaux et -. Chez les hommes, Junior KENGNE LONGIN du CH Ansois obtient le meilleur score et se classe \u00ab\u00a0Honneur\u00a0\u00bb devant Rodrigue CALLE [&hellip;]","og_url":"https:\/\/aura-haltero.fr\/index.php\/2025\/10\/13\/competitions-du-week-end-coupe-de-la-gauloise-de-vaise\/","og_site_name":"LAURAHM","article_publisher":"https:\/\/www.facebook.com\/LigueAURAHM","article_published_time":"2025-10-12T23:15:23+00:00","article_modified_time":"2025-11-14T10:31:28+00:00","og_image":[{"width":1920,"height":2560,"url":"https:\/\/aura-haltero.fr\/wp-content\/uploads\/2025\/10\/coupe-gdv-2025_10_11-1-scaled.jpg","type":"image\/jpeg"}],"author":"Joris DAWID","twitter_card":"summary_large_image","twitter_misc":{"\u00c9crit par":"Joris DAWID","Dur\u00e9e de lecture estim\u00e9e":"2 minutes"},"schema":{"@context":"https:\/\/schema.org","@graph":[{"@type":"Article","@id":"https:\/\/aura-haltero.fr\/index.php\/2025\/10\/13\/competitions-du-week-end-coupe-de-la-gauloise-de-vaise\/#article","isPartOf":{"@id":"https:\/\/aura-haltero.fr\/index.php\/2025\/10\/13\/competitions-du-week-end-coupe-de-la-gauloise-de-vaise\/"},"author":{"name":"Joris DAWID","@id":"https:\/\/aura-haltero.fr\/#\/schema\/person\/462f3a32a29a22ee83722e516e19af5f"},"headline":"Comp\u00e9titions du Week-End du 11\/10 &#8211; Coupe de la Gauloise de Vaise","datePublished":"2025-10-12T23:15:23+00:00","dateModified":"2025-11-14T10:31:28+00:00","mainEntityOfPage":{"@id":"https:\/\/aura-haltero.fr\/index.php\/2025\/10\/13\/competitions-du-week-end-coupe-de-la-gauloise-de-vaise\/"},"wordCount":163,"commentCount":0,"publisher":{"@id":"https:\/\/aura-haltero.fr\/#organization"},"image":{"@id":"https:\/\/aura-haltero.fr\/index.php\/2025\/10\/13\/competitions-du-week-end-coupe-de-la-gauloise-de-vaise\/#primaryimage"},"thumbnailUrl":"https:\/\/aura-haltero.fr\/wp-content\/uploads\/2025\/10\/coupe-gdv-2025_10_11-1-scaled.jpg","articleSection":["Actualit\u00e9s","R\u00e9sultats"],"inLanguage":"fr-FR","potentialAction":[{"@type":"CommentAction","name":"Comment","target":["https:\/\/aura-haltero.fr\/index.php\/2025\/10\/13\/competitions-du-week-end-coupe-de-la-gauloise-de-vaise\/#respond"]}]},{"@type":"WebPage","@id":"https:\/\/aura-haltero.fr\/index.php\/2025\/10\/13\/competitions-du-week-end-coupe-de-la-gauloise-de-vaise\/","url":"https:\/\/aura-haltero.fr\/index.php\/2025\/10\/13\/competitions-du-week-end-coupe-de-la-gauloise-de-vaise\/","name":"Comp\u00e9titions du Week-End du 11\/10 - Coupe de la Gauloise de Vaise - LAURAHM","isPartOf":{"@id":"https:\/\/aura-haltero.fr\/#website"},"primaryImageOfPage":{"@id":"https:\/\/aura-haltero.fr\/index.php\/2025\/10\/13\/competitions-du-week-end-coupe-de-la-gauloise-de-vaise\/#primaryimage"},"image":{"@id":"https:\/\/aura-haltero.fr\/index.php\/2025\/10\/13\/competitions-du-week-end-coupe-de-la-gauloise-de-vaise\/#primaryimage"},"thumbnailUrl":"https:\/\/aura-haltero.fr\/wp-content\/uploads\/2025\/10\/coupe-gdv-2025_10_11-1-scaled.jpg","datePublished":"2025-10-12T23:15:23+00:00","dateModified":"2025-11-14T10:31:28+00:00","breadcrumb":{"@id":"https:\/\/aura-haltero.fr\/index.php\/2025\/10\/13\/competitions-du-week-end-coupe-de-la-gauloise-de-vaise\/#breadcrumb"},"inLanguage":"fr-FR","potentialAction":[{"@type":"ReadAction","target":["https:\/\/aura-haltero.fr\/index.php\/2025\/10\/13\/competitions-du-week-end-coupe-de-la-gauloise-de-vaise\/"]}]},{"@type":"ImageObject","inLanguage":"fr-FR","@id":"https:\/\/aura-haltero.fr\/index.php\/2025\/10\/13\/competitions-du-week-end-coupe-de-la-gauloise-de-vaise\/#primaryimage","url":"https:\/\/aura-haltero.fr\/wp-content\/uploads\/2025\/10\/coupe-gdv-2025_10_11-1-scaled.jpg","contentUrl":"https:\/\/aura-haltero.fr\/wp-content\/uploads\/2025\/10\/coupe-gdv-2025_10_11-1-scaled.jpg","width":1920,"height":2560,"caption":"Plateau Femmes"},{"@type":"BreadcrumbList","@id":"https:\/\/aura-haltero.fr\/index.php\/2025\/10\/13\/competitions-du-week-end-coupe-de-la-gauloise-de-vaise\/#breadcrumb","itemListElement":[{"@type":"ListItem","position":1,"name":"Accueil","item":"https:\/\/aura-haltero.fr\/"},{"@type":"ListItem","position":2,"name":"Comp\u00e9titions du Week-End du 11\/10 &#8211; Coupe de la Gauloise de Vaise"}]},{"@type":"WebSite","@id":"https:\/\/aura-haltero.fr\/#website","url":"https:\/\/aura-haltero.fr\/","name":"LAURAHM","description":"Ligue AURA Halt\u00e9rophilie-Musculation","publisher":{"@id":"https:\/\/aura-haltero.fr\/#organization"},"potentialAction":[{"@type":"SearchAction","target":{"@type":"EntryPoint","urlTemplate":"https:\/\/aura-haltero.fr\/?s={search_term_string}"},"query-input":{"@type":"PropertyValueSpecification","valueRequired":true,"valueName":"search_term_string"}}],"inLanguage":"fr-FR"},{"@type":"Organization","@id":"https:\/\/aura-haltero.fr\/#organization","name":"Ligue Auvergne Rh\u00f4ne Alpes d'Halt\u00e9rophilie-Musculation","url":"https:\/\/aura-haltero.fr\/","logo":{"@type":"ImageObject","inLanguage":"fr-FR","@id":"https:\/\/aura-haltero.fr\/#\/schema\/logo\/image\/","url":"https:\/\/aura-haltero.fr\/wp-content\/uploads\/2023\/07\/Nouveau-logo-ligue-2.png","contentUrl":"https:\/\/aura-haltero.fr\/wp-content\/uploads\/2023\/07\/Nouveau-logo-ligue-2.png","width":1399,"height":1398,"caption":"Ligue Auvergne Rh\u00f4ne Alpes d'Halt\u00e9rophilie-Musculation"},"image":{"@id":"https:\/\/aura-haltero.fr\/#\/schema\/logo\/image\/"},"sameAs":["https:\/\/www.facebook.com\/LigueAURAHM","https:\/\/www.instagram.com\/ligueaurahm\/"]},{"@type":"Person","@id":"https:\/\/aura-haltero.fr\/#\/schema\/person\/462f3a32a29a22ee83722e516e19af5f","name":"Joris DAWID","image":{"@type":"ImageObject","inLanguage":"fr-FR","@id":"https:\/\/secure.gravatar.com\/avatar\/7a3306bb412092e975a7f1570bf6576eb75699b7510ea7ffdd93a2eaa193a8ae?s=96&d=mm&r=g","url":"https:\/\/secure.gravatar.com\/avatar\/7a3306bb412092e975a7f1570bf6576eb75699b7510ea7ffdd93a2eaa193a8ae?s=96&d=mm&r=g","contentUrl":"https:\/\/secure.gravatar.com\/avatar\/7a3306bb412092e975a7f1570bf6576eb75699b7510ea7ffdd93a2eaa193a8ae?s=96&d=mm&r=g","caption":"Joris DAWID"},"url":"https:\/\/aura-haltero.fr\/index.php\/author\/joris-dawid\/"}]}},"jetpack_featured_media_url":"https:\/\/aura-haltero.fr\/wp-content\/uploads\/2025\/10\/coupe-gdv-2025_10_11-1-scaled.jpg","jetpack_sharing_enabled":true,"_links":{"self":[{"href":"https:\/\/aura-haltero.fr\/index.php\/wp-json\/wp\/v2\/posts\/1825","targetHints":{"allow":["GET"]}}],"collection":[{"href":"https:\/\/aura-haltero.fr\/index.php\/wp-json\/wp\/v2\/posts"}],"about":[{"href":"https:\/\/aura-haltero.fr\/index.php\/wp-json\/wp\/v2\/types\/post"}],"author":[{"embeddable":true,"href":"https:\/\/aura-haltero.fr\/index.php\/wp-json\/wp\/v2\/users\/3"}],"replies":[{"embeddable":true,"href":"https:\/\/aura-haltero.fr\/index.php\/wp-json\/wp\/v2\/comments?post=1825"}],"version-history":[{"count":14,"href":"https:\/\/aura-haltero.fr\/index.php\/wp-json\/wp\/v2\/posts\/1825\/revisions"}],"predecessor-version":[{"id":1870,"href":"https:\/\/aura-haltero.fr\/index.php\/wp-json\/wp\/v2\/posts\/1825\/revisions\/1870"}],"wp:featuredmedia":[{"embeddable":true,"href":"https:\/\/aura-haltero.fr\/index.php\/wp-json\/wp\/v2\/media\/1830"}],"wp:attachment":[{"href":"https:\/\/aura-haltero.fr\/index.php\/wp-json\/wp\/v2\/media?parent=1825"}],"wp:term":[{"taxonomy":"category","embeddable":true,"href":"https:\/\/aura-haltero.fr\/index.php\/wp-json\/wp\/v2\/categories?post=1825"},{"taxonomy":"post_tag","embeddable":true,"href":"https:\/\/aura-haltero.fr\/index.php\/wp-json\/wp\/v2\/tags?post=1825"}],"curies":[{"name":"wp","href":"https:\/\/api.w.org\/{rel}","templated":true}]}}